{"id":55100,"date":"2026-04-28T13:45:54","date_gmt":"2026-04-28T11:45:54","guid":{"rendered":"https:\/\/econia.net\/?p=55100"},"modified":"2026-04-28T13:45:54","modified_gmt":"2026-04-28T11:45:54","slug":"nou-reial-decret-demissions-que-canvia-i-com-afectara-les-empreses","status":"publish","type":"post","link":"https:\/\/econia.net\/ca\/nou-reial-decret-demissions-que-canvia-i-com-afectara-les-empreses\/","title":{"rendered":"Nou Reial decret d\u2019emissions: qu\u00e8 canvia i com afectar\u00e0 les empreses"},"content":{"rendered":"<p>El Projecte de Reial decret de protecci\u00f3 de l\u2019atmosfera, el tr\u00e0mit d\u2019informaci\u00f3 p\u00fablica del qual va finalitzar el 31 de mar\u00e7 de 2026, actualitza la normativa sobre emissions i substituir\u00e0 el <em>Real Decreto 100\/2011<\/em>. Tamb\u00e9 revisa el llistat d\u2019activitats potencialment contaminants.<\/p>\n<p><strong>Nous l\u00edmits i m\u00e9s activitats regulades<\/strong><\/p>\n<p>La proposta introdueix canvis rellevants:<\/p>\n<ul>\n<li>Reducci\u00f3 d\u2019alguns l\u00edmits d\u2019emissi\u00f3, com els de part\u00edcules en instal\u00b7lacions de nova creaci\u00f3<\/li>\n<li>Nous l\u00edmits per a activitats fins ara no regulades (crematoris, aglomerat asf\u00e0ltic, etc.)<\/li>\n<li>Actualitzaci\u00f3 del cat\u00e0leg d\u2019activitats<\/li>\n<\/ul>\n<p><strong>L\u00edmits d\u2019emissi\u00f3 m\u00e9s personalitzats<\/strong><\/p>\n<p>El canvi principal \u00e9s que els l\u00edmits ja no seran \u00fanics, sin\u00f3 que es fixaran per a cada instal\u00b7laci\u00f3 segons factors com la tecnologia, la ubicaci\u00f3 i l\u2019impacte ambiental. Aix\u00f2 implicar\u00e0 que les empreses hauran de justificar millor el seu compliment.<\/p>\n<p><strong>Quatre anys per adaptar-se<\/strong><\/p>\n<p>Les instal\u00b7lacions hauran d\u2019actualitzar les seves autoritzacions en un termini de quatre anys, fet que pot comportar la revisi\u00f3 dels l\u00edmits aplicables.<\/p>\n<p><strong>Com et pot ajudar ECONIA<\/strong><\/p>\n<p>Des d\u2019ECONIA t\u2019acompanyem en aquesta adaptaci\u00f3:<\/p>\n<ul>\n<li>Revisi\u00f3 del compliment normatiu<\/li>\n<li>Justificaci\u00f3 de l\u00edmits d\u2019emissi\u00f3<\/li>\n<li>Tramitaci\u00f3 d\u2019autoritzacions ambientals<\/li>\n<li>Propostes de millora per reduir emissions<\/li>\n<\/ul>\n<p>Anticipar-se ser\u00e0 clau per adaptar-se amb garanties al nou marc regulador.<\/p>\n","protected":false},"excerpt":{"rendered":"<p>El Projecte de Reial decret de protecci\u00f3 de l\u2019atmosfera, el tr\u00e0mit d\u2019informaci\u00f3 p\u00fablica del qual va finalitzar el 31 de mar\u00e7 de 2026, actualitza la normativa sobre emissions i substituir\u00e0 el Real Decreto 100\/2011. Tamb\u00e9 revisa el llistat d\u2019activitats potencialment contaminants. Nous l\u00edmits i m\u00e9s activitats regulades La proposta introdueix canvis rellevants: Reducci\u00f3 d\u2019alguns l\u00edmits [&hellip;]<\/p>\n","protected":false},"author":2,"featured_media":55098,"comment_status":"closed","ping_status":"open","sticky":false,"template":"","format":"standard","meta":{"inline_featured_image":false,"_exactmetrics_skip_tracking":false,"_exactmetrics_sitenote_active":false,"_exactmetrics_sitenote_note":"","_exactmetrics_sitenote_category":0,"footnotes":""},"categories":[7],"tags":[],"class_list":["post-55100","post","type-post","status-publish","format-standard","has-post-thumbnail","hentry","category-uncategorized-ca","entry"],"_links":{"self":[{"href":"https:\/\/econia.net\/ca\/wp-json\/wp\/v2\/posts\/55100","targetHints":{"allow":["GET"]}}],"collection":[{"href":"https:\/\/econia.net\/ca\/wp-json\/wp\/v2\/posts"}],"about":[{"href":"https:\/\/econia.net\/ca\/wp-json\/wp\/v2\/types\/post"}],"author":[{"embeddable":true,"href":"https:\/\/econia.net\/ca\/wp-json\/wp\/v2\/users\/2"}],"replies":[{"embeddable":true,"href":"https:\/\/econia.net\/ca\/wp-json\/wp\/v2\/comments?post=55100"}],"version-history":[{"count":2,"href":"https:\/\/econia.net\/ca\/wp-json\/wp\/v2\/posts\/55100\/revisions"}],"predecessor-version":[{"id":55102,"href":"https:\/\/econia.net\/ca\/wp-json\/wp\/v2\/posts\/55100\/revisions\/55102"}],"wp:featuredmedia":[{"embeddable":true,"href":"https:\/\/econia.net\/ca\/wp-json\/wp\/v2\/media\/55098"}],"wp:attachment":[{"href":"https:\/\/econia.net\/ca\/wp-json\/wp\/v2\/media?parent=55100"}],"wp:term":[{"taxonomy":"category","embeddable":true,"href":"https:\/\/econia.net\/ca\/wp-json\/wp\/v2\/categories?post=55100"},{"taxonomy":"post_tag","embeddable":true,"href":"https:\/\/econia.net\/ca\/wp-json\/wp\/v2\/tags?post=55100"}],"curies":[{"name":"wp","href":"https:\/\/api.w.org\/{rel}","templated":true}]}}