{"id":55052,"date":"2026-03-16T16:51:11","date_gmt":"2026-03-16T14:51:11","guid":{"rendered":"https:\/\/econia.net\/?p=55052"},"modified":"2026-03-16T16:51:11","modified_gmt":"2026-03-16T14:51:11","slug":"la-seguretat-de-les-bateries-centra-una-jornada-del-cluster-de-residus-de-catalunya","status":"publish","type":"post","link":"https:\/\/econia.net\/ca\/la-seguretat-de-les-bateries-centra-una-jornada-del-cluster-de-residus-de-catalunya\/","title":{"rendered":"La seguretat de les bateries centra una jornada del Cl\u00faster de Residus de Catalunya"},"content":{"rendered":"<p>Albert Custodio, director d\u2019Econia, \u00e9s present avui a la jornada que ha organitzat El Cl\u00faster de Residus de Catalunya (CREC) titulada <em>\u201cLa seguretat de les bateries en les plantes de gesti\u00f3\u201d<\/em>.<\/p>\n<p>\u00c9s una sessi\u00f3 t\u00e8cnica que aborda els riscos associats a la pres\u00e8ncia i manipulaci\u00f3 de bateries en instal\u00b7lacions de tractament de residus.<\/p>\n<p>La jornada se celebra a les instal\u00b7lacions d\u2019Eurecat a Cerdanyola del Vall\u00e8s i s\u2019emmarca en el grup de treball de CRM i bateries del cl\u00faster. L\u2019objectiu \u00e9s analitzar els principals riscos vinculats a aquest tipus de residus, compartir experi\u00e8ncies del sector i identificar possibles mesures que permetin millorar la seguretat en les plantes de gesti\u00f3.<\/p>\n<p>El programa inclou una pon\u00e8ncia t\u00e8cnica sobre la seguretat intr\u00ednseca de les bateries, en la qual s\u2019exposen els riscos associats a les diferents qu\u00edmiques i a la seva manipulaci\u00f3. La sessi\u00f3 \u00e9s impartida per Andr\u00e9s P\u00e9rez, responsable de la l\u00ednia de mobilitat el\u00e8ctrica i emmagatzematge estacionari de la Fundaci\u00f3 Eurecat.<\/p>\n<p>A m\u00e9s, la jornada incorpora una taula rodona amb representants d\u2019empreses del sector de la gesti\u00f3 de residus, entre les quals Autorec, Ferimet (Celsa Group), CGM \u2013 Centre de Gesti\u00f3 Mediambiental i Vilella Recicla, que comparteixen experi\u00e8ncies i problem\u00e0tiques relacionades amb la gesti\u00f3 de bateries en les seves instal\u00b7lacions.<\/p>\n<p>El programa es completa amb una visita als laboratoris d\u2019Eurecat, centrada en els \u00e0mbits de bateries i rob\u00f2tica, aix\u00ed com amb una pon\u00e8ncia del Col\u00b7legi de Mediadors d\u2019Assegurances de Barcelona sobre els riscos associats a aquest tipus d\u2019instal\u00b7lacions i les implicacions per al sector assegurador.<\/p>\n","protected":false},"excerpt":{"rendered":"<p>Albert Custodio, director d\u2019Econia, \u00e9s present avui a la jornada que ha organitzat El Cl\u00faster de Residus de Catalunya (CREC) titulada \u201cLa seguretat de les bateries en les plantes de gesti\u00f3\u201d. \u00c9s una sessi\u00f3 t\u00e8cnica que aborda els riscos associats a la pres\u00e8ncia i manipulaci\u00f3 de bateries en instal\u00b7lacions de tractament de residus. La jornada [&hellip;]<\/p>\n","protected":false},"author":2,"featured_media":55048,"comment_status":"closed","ping_status":"open","sticky":false,"template":"","format":"standard","meta":{"inline_featured_image":false,"_exactmetrics_skip_tracking":false,"_exactmetrics_sitenote_active":false,"_exactmetrics_sitenote_note":"","_exactmetrics_sitenote_category":0,"footnotes":""},"categories":[7],"tags":[],"class_list":["post-55052","post","type-post","status-publish","format-standard","has-post-thumbnail","hentry","category-uncategorized-ca","entry"],"_links":{"self":[{"href":"https:\/\/econia.net\/ca\/wp-json\/wp\/v2\/posts\/55052","targetHints":{"allow":["GET"]}}],"collection":[{"href":"https:\/\/econia.net\/ca\/wp-json\/wp\/v2\/posts"}],"about":[{"href":"https:\/\/econia.net\/ca\/wp-json\/wp\/v2\/types\/post"}],"author":[{"embeddable":true,"href":"https:\/\/econia.net\/ca\/wp-json\/wp\/v2\/users\/2"}],"replies":[{"embeddable":true,"href":"https:\/\/econia.net\/ca\/wp-json\/wp\/v2\/comments?post=55052"}],"version-history":[{"count":1,"href":"https:\/\/econia.net\/ca\/wp-json\/wp\/v2\/posts\/55052\/revisions"}],"predecessor-version":[{"id":55053,"href":"https:\/\/econia.net\/ca\/wp-json\/wp\/v2\/posts\/55052\/revisions\/55053"}],"wp:featuredmedia":[{"embeddable":true,"href":"https:\/\/econia.net\/ca\/wp-json\/wp\/v2\/media\/55048"}],"wp:attachment":[{"href":"https:\/\/econia.net\/ca\/wp-json\/wp\/v2\/media?parent=55052"}],"wp:term":[{"taxonomy":"category","embeddable":true,"href":"https:\/\/econia.net\/ca\/wp-json\/wp\/v2\/categories?post=55052"},{"taxonomy":"post_tag","embeddable":true,"href":"https:\/\/econia.net\/ca\/wp-json\/wp\/v2\/tags?post=55052"}],"curies":[{"name":"wp","href":"https:\/\/api.w.org\/{rel}","templated":true}]}}