{"id":54930,"date":"2026-01-28T10:54:50","date_gmt":"2026-01-28T08:54:50","guid":{"rendered":"https:\/\/econia.net\/?p=54930"},"modified":"2026-03-14T13:30:33","modified_gmt":"2026-03-14T11:30:33","slug":"aquesta-setmana-educar-i-actuar-el-paper-del-coneixement-i-la-reduccio-demissions-de-co%e2%82%82","status":"publish","type":"post","link":"https:\/\/econia.net\/ca\/aquesta-setmana-educar-i-actuar-el-paper-del-coneixement-i-la-reduccio-demissions-de-co%e2%82%82\/","title":{"rendered":"Aquesta setmana, educar i actuar: el paper del coneixement i la reducci\u00f3 d\u2019emissions de CO\u2082"},"content":{"rendered":"<p>Aquesta setmana posa el focus en dos pilars fonamentals de la sostenibilitat ambiental: el <strong><em>Dia Mundial de l\u2019Educaci\u00f3 Ambiental<\/em> <\/strong>(26 de gener) i el <strong><em>Dia Mundial per la Reducci\u00f3 de les Emissions de CO\u2082<\/em> <\/strong>(28 de gener). Dues dates diferents, per\u00f2 profundament connectades, que ens recorden que no hi pot haver acci\u00f3 ambiental efectiva sense coneixement, ni coneixement amb impacte real sense acci\u00f3.<\/p>\n<p>L\u2019educaci\u00f3 ambiental \u00e9s la base per entendre i transformar la nostra relaci\u00f3 amb el medi. Va m\u00e9s enll\u00e0 de la sensibilitzaci\u00f3: permet identificar impactes, anticipar riscos i prendre decisions informades. En l\u2019\u00e0mbit professional i empresarial, disposar de criteri ambiental \u00e9s clau per interpretar correctament la normativa, aplicar bones pr\u00e0ctiques, optimitzar recursos i avan\u00e7ar cap a models m\u00e9s eficients i sostenibles.<\/p>\n<p>Aquest coneixement \u00e9s imprescindible per afrontar reptes com la reducci\u00f3 de les emissions de CO\u2082. El canvi clim\u00e0tic exigeix mesures concretes: millora de l\u2019efici\u00e8ncia energ\u00e8tica, \u00fas d\u2019energies renovables, optimitzaci\u00f3 de processos productius i una gesti\u00f3 responsable dels residus, que contribueix directament a reduir la petjada de carboni.<\/p>\n<p>Mesurar per poder reduir \u00e9s un pas clau en aquest cam\u00ed. El c\u00e0lcul de la petjada de carboni permet identificar les principals fonts d\u2019emissi\u00f3 i definir plans d\u2019acci\u00f3 realistes, alineats amb les exig\u00e8ncies normatives, del mercat i del finan\u00e7ament sostenible.<\/p>\n<p>A Econia entenem que educar i actuar han d\u2019anar agafats de la m\u00e0. Acompanyem empreses i entitats aportant criteri t\u00e8cnic, coneixement rigor\u00f3s i solucions pr\u00e0ctiques per convertir els objectius ambientals en accions reals. Perqu\u00e8 avan\u00e7ar cap a una economia baixa en carboni comen\u00e7a sempre per entendre b\u00e9 on som i cap a on volem anar.<\/p>\n","protected":false},"excerpt":{"rendered":"<p>Aquesta setmana posa el focus en dos pilars fonamentals de la sostenibilitat ambiental: el Dia Mundial de l\u2019Educaci\u00f3 Ambiental (26 de gener) i el Dia Mundial per la Reducci\u00f3 de les Emissions de CO\u2082 (28 de gener). Dues dates diferents, per\u00f2 profundament connectades, que ens recorden que no hi pot haver acci\u00f3 ambiental efectiva sense [&hellip;]<\/p>\n","protected":false},"author":2,"featured_media":54928,"comment_status":"closed","ping_status":"open","sticky":false,"template":"","format":"standard","meta":{"inline_featured_image":false,"_exactmetrics_skip_tracking":false,"_exactmetrics_sitenote_active":false,"_exactmetrics_sitenote_note":"","_exactmetrics_sitenote_category":0,"footnotes":""},"categories":[7],"tags":[],"class_list":["post-54930","post","type-post","status-publish","format-standard","has-post-thumbnail","hentry","category-uncategorized-ca","entry"],"_links":{"self":[{"href":"https:\/\/econia.net\/ca\/wp-json\/wp\/v2\/posts\/54930","targetHints":{"allow":["GET"]}}],"collection":[{"href":"https:\/\/econia.net\/ca\/wp-json\/wp\/v2\/posts"}],"about":[{"href":"https:\/\/econia.net\/ca\/wp-json\/wp\/v2\/types\/post"}],"author":[{"embeddable":true,"href":"https:\/\/econia.net\/ca\/wp-json\/wp\/v2\/users\/2"}],"replies":[{"embeddable":true,"href":"https:\/\/econia.net\/ca\/wp-json\/wp\/v2\/comments?post=54930"}],"version-history":[{"count":1,"href":"https:\/\/econia.net\/ca\/wp-json\/wp\/v2\/posts\/54930\/revisions"}],"predecessor-version":[{"id":54931,"href":"https:\/\/econia.net\/ca\/wp-json\/wp\/v2\/posts\/54930\/revisions\/54931"}],"wp:featuredmedia":[{"embeddable":true,"href":"https:\/\/econia.net\/ca\/wp-json\/wp\/v2\/media\/54928"}],"wp:attachment":[{"href":"https:\/\/econia.net\/ca\/wp-json\/wp\/v2\/media?parent=54930"}],"wp:term":[{"taxonomy":"category","embeddable":true,"href":"https:\/\/econia.net\/ca\/wp-json\/wp\/v2\/categories?post=54930"},{"taxonomy":"post_tag","embeddable":true,"href":"https:\/\/econia.net\/ca\/wp-json\/wp\/v2\/tags?post=54930"}],"curies":[{"name":"wp","href":"https:\/\/api.w.org\/{rel}","templated":true}]}}