{"id":54896,"date":"2025-12-12T14:38:13","date_gmt":"2025-12-12T12:38:13","guid":{"rendered":"https:\/\/econia.net\/?p=54896"},"modified":"2026-03-14T13:31:20","modified_gmt":"2026-03-14T11:31:20","slug":"econia-a-la-jornada-de-networking-empresarial-del-baix-ebre-innova","status":"publish","type":"post","link":"https:\/\/econia.net\/ca\/econia-a-la-jornada-de-networking-empresarial-del-baix-ebre-innova\/","title":{"rendered":"Econia a la Jornada de Networking Empresarial del Baix Ebre Innova"},"content":{"rendered":"<p>Aquest mat\u00ed, ECONIA ha estat present en la celebraci\u00f3 de la <em>Jornada Networking: Programa 360, Seminaris IA i Empreses Viveristes<\/em>, una iniciativa impulsada pel Consell Comarcal del Baix Ebre amb l\u2019objectiu de fomentar la connexi\u00f3, l\u2019intercanvi d\u2019experi\u00e8ncies i la col\u00b7laboraci\u00f3 entre empreses de la comarca.<\/p>\n<p>L\u2019acte ha comptat amb la participaci\u00f3 de representants institucionals i agents clau del territori, posant en valor el paper del Viver d\u2019Empreses com a espai de dinamitzaci\u00f3 econ\u00f2mica i suport a l\u2019activitat empresarial.<\/p>\n<p>Un dels moments destacats ha estat la pon\u00e8ncia sobre direcci\u00f3 estrat\u00e8gica amb intel\u00b7lig\u00e8ncia artificial, titulada <em>Com millorar la presa de decisions<\/em>, a c\u00e0rrec de Carlos P\u00e9rez. La intervenci\u00f3 ha perm\u00e8s reflexionar sobre com la IA pot esdevenir una eina clau per millorar la competitivitat, l\u2019efici\u00e8ncia i la planificaci\u00f3 estrat\u00e8gica de les empreses.<\/p>\n<p>ECONIA ha participat en les taules rodones que, sota el lema <em>Compartim experi\u00e8ncies<\/em>, han perm\u00e8s, amb les empreses participants, compartir reptes comuns i identificar possibles sinergies.<\/p>\n<p>En aquest context, i amb el posterior espai de Networking, s\u2019ha posat de manifest la diversitat i el talent de les empreses allotjades al Viver, entre les quals destaca Econia, una de les empreses que t\u00e9 all\u00ed la seva seu, i que participa activament en iniciatives de col\u00b7laboraci\u00f3 i dinamitzaci\u00f3 empresarial.<\/p>\n<p>Amb iniciatives com aquesta, el Viver d\u2019Empreses de Camarles consolida el seu paper com a punt de connexi\u00f3 i creixement per al teixit empresarial del territori.<\/p>\n","protected":false},"excerpt":{"rendered":"<p>Aquest mat\u00ed, ECONIA ha estat present en la celebraci\u00f3 de la Jornada Networking: Programa 360, Seminaris IA i Empreses Viveristes, una iniciativa impulsada pel Consell Comarcal del Baix Ebre amb l\u2019objectiu de fomentar la connexi\u00f3, l\u2019intercanvi d\u2019experi\u00e8ncies i la col\u00b7laboraci\u00f3 entre empreses de la comarca. L\u2019acte ha comptat amb la participaci\u00f3 de representants institucionals i [&hellip;]<\/p>\n","protected":false},"author":2,"featured_media":54891,"comment_status":"closed","ping_status":"open","sticky":false,"template":"","format":"standard","meta":{"inline_featured_image":false,"_exactmetrics_skip_tracking":false,"_exactmetrics_sitenote_active":false,"_exactmetrics_sitenote_note":"","_exactmetrics_sitenote_category":0,"footnotes":""},"categories":[7],"tags":[],"class_list":["post-54896","post","type-post","status-publish","format-standard","has-post-thumbnail","hentry","category-uncategorized-ca","entry"],"_links":{"self":[{"href":"https:\/\/econia.net\/ca\/wp-json\/wp\/v2\/posts\/54896","targetHints":{"allow":["GET"]}}],"collection":[{"href":"https:\/\/econia.net\/ca\/wp-json\/wp\/v2\/posts"}],"about":[{"href":"https:\/\/econia.net\/ca\/wp-json\/wp\/v2\/types\/post"}],"author":[{"embeddable":true,"href":"https:\/\/econia.net\/ca\/wp-json\/wp\/v2\/users\/2"}],"replies":[{"embeddable":true,"href":"https:\/\/econia.net\/ca\/wp-json\/wp\/v2\/comments?post=54896"}],"version-history":[{"count":2,"href":"https:\/\/econia.net\/ca\/wp-json\/wp\/v2\/posts\/54896\/revisions"}],"predecessor-version":[{"id":54898,"href":"https:\/\/econia.net\/ca\/wp-json\/wp\/v2\/posts\/54896\/revisions\/54898"}],"wp:featuredmedia":[{"embeddable":true,"href":"https:\/\/econia.net\/ca\/wp-json\/wp\/v2\/media\/54891"}],"wp:attachment":[{"href":"https:\/\/econia.net\/ca\/wp-json\/wp\/v2\/media?parent=54896"}],"wp:term":[{"taxonomy":"category","embeddable":true,"href":"https:\/\/econia.net\/ca\/wp-json\/wp\/v2\/categories?post=54896"},{"taxonomy":"post_tag","embeddable":true,"href":"https:\/\/econia.net\/ca\/wp-json\/wp\/v2\/tags?post=54896"}],"curies":[{"name":"wp","href":"https:\/\/api.w.org\/{rel}","templated":true}]}}