{"id":54886,"date":"2025-12-11T14:08:40","date_gmt":"2025-12-11T12:08:40","guid":{"rendered":"https:\/\/econia.net\/?p=54886"},"modified":"2026-03-14T13:31:20","modified_gmt":"2026-03-14T11:31:20","slug":"econia-participa-en-el-camp-dinnovacio-terres-de-lebre","status":"publish","type":"post","link":"https:\/\/econia.net\/ca\/econia-participa-en-el-camp-dinnovacio-terres-de-lebre\/","title":{"rendered":"Econia participa en el Camp d\u2019Innovaci\u00f3 Terres de l\u2019Ebre"},"content":{"rendered":"<p>La R\u00e0pita va acollir el 10 de desembre, al Museu de la Mar de l\u2019Ebre, el primer Camp d\u2019Innovaci\u00f3 de les Terres de l\u2019Ebre.<\/p>\n<p>Sota el t\u00edtol <em>Resili\u00e8ncia dels paisatges del Delta i costa de les Terres de l\u2019Ebre: oportunitats d\u2019innovaci\u00f3 i desenvolupament a partir dels recursos del territori<\/em>, la trobada va reunir representants institucionals, agents econ\u00f2mics i especialistes en gesti\u00f3 territorial.<\/p>\n<p>L\u2019esdeveniment s\u2019emmarca dins del Departament d\u2019Acci\u00f3 i de l\u2019estrat\u00e8gia RIS3CAT 2030 de la Generalitat de Catalunya. La iniciativa forma part del treball de descoberta d\u2019oportunitats que impulsen l\u2019Ajuntament de la R\u00e0pita i l\u2019equip MDO\u2013ACCI\u00d3 del Departament d\u2019Empresa i Treball, amb l\u2019objectiu d\u2019avan\u00e7ar cap a una visi\u00f3 de futur compartida per a les Terres de l\u2019Ebre.<\/p>\n<p>Durant la jornada es van abordar tres grans problem\u00e0tiques del territori:<\/p>\n<ul>\n<li>El canvi clim\u00e0tic i la regressi\u00f3 del Delta<\/li>\n<li>La vulnerabilitat dels sectors econ\u00f2mics<\/li>\n<li>Els reptes de governan\u00e7a i desenvolupament territorial.<\/li>\n<\/ul>\n<p>Econia va ser convidada, com a actor principal de reconegut prestigi en aspectes de sostenibilitat i innovaci\u00f3 empresarial, per tal d\u2019aportar la seva experi\u00e8ncia i coneixement en els grups de treball. ECONIA va ser representada per Meritxell Barroso.<\/p>\n<p>Tamb\u00e9 va participar Claudia Lorente en nom del Cl\u00faster de\u00a0Residus\u00a0de Catalunya, del qual\u00a0ECONIA\u00a0\u00e9s s\u00f2cia i amb el qual mant\u00e9 una fluida col\u00b7laboraci\u00f3.<\/p>\n","protected":false},"excerpt":{"rendered":"<p>La R\u00e0pita va acollir el 10 de desembre, al Museu de la Mar de l\u2019Ebre, el primer Camp d\u2019Innovaci\u00f3 de les Terres de l\u2019Ebre. Sota el t\u00edtol Resili\u00e8ncia dels paisatges del Delta i costa de les Terres de l\u2019Ebre: oportunitats d\u2019innovaci\u00f3 i desenvolupament a partir dels recursos del territori, la trobada va reunir representants institucionals, [&hellip;]<\/p>\n","protected":false},"author":2,"featured_media":54884,"comment_status":"closed","ping_status":"open","sticky":false,"template":"","format":"standard","meta":{"inline_featured_image":false,"_exactmetrics_skip_tracking":false,"_exactmetrics_sitenote_active":false,"_exactmetrics_sitenote_note":"","_exactmetrics_sitenote_category":0,"footnotes":""},"categories":[7],"tags":[],"class_list":["post-54886","post","type-post","status-publish","format-standard","has-post-thumbnail","hentry","category-uncategorized-ca","entry"],"_links":{"self":[{"href":"https:\/\/econia.net\/ca\/wp-json\/wp\/v2\/posts\/54886","targetHints":{"allow":["GET"]}}],"collection":[{"href":"https:\/\/econia.net\/ca\/wp-json\/wp\/v2\/posts"}],"about":[{"href":"https:\/\/econia.net\/ca\/wp-json\/wp\/v2\/types\/post"}],"author":[{"embeddable":true,"href":"https:\/\/econia.net\/ca\/wp-json\/wp\/v2\/users\/2"}],"replies":[{"embeddable":true,"href":"https:\/\/econia.net\/ca\/wp-json\/wp\/v2\/comments?post=54886"}],"version-history":[{"count":1,"href":"https:\/\/econia.net\/ca\/wp-json\/wp\/v2\/posts\/54886\/revisions"}],"predecessor-version":[{"id":54887,"href":"https:\/\/econia.net\/ca\/wp-json\/wp\/v2\/posts\/54886\/revisions\/54887"}],"wp:featuredmedia":[{"embeddable":true,"href":"https:\/\/econia.net\/ca\/wp-json\/wp\/v2\/media\/54884"}],"wp:attachment":[{"href":"https:\/\/econia.net\/ca\/wp-json\/wp\/v2\/media?parent=54886"}],"wp:term":[{"taxonomy":"category","embeddable":true,"href":"https:\/\/econia.net\/ca\/wp-json\/wp\/v2\/categories?post=54886"},{"taxonomy":"post_tag","embeddable":true,"href":"https:\/\/econia.net\/ca\/wp-json\/wp\/v2\/tags?post=54886"}],"curies":[{"name":"wp","href":"https:\/\/api.w.org\/{rel}","templated":true}]}}