{"id":54824,"date":"2025-10-24T11:51:57","date_gmt":"2025-10-24T09:51:57","guid":{"rendered":"https:\/\/econia.net\/?p=54824"},"modified":"2026-03-14T13:31:22","modified_gmt":"2026-03-14T11:31:22","slug":"dia-internacional-contra-el-canvi-climatic","status":"publish","type":"post","link":"https:\/\/econia.net\/ca\/dia-internacional-contra-el-canvi-climatic\/","title":{"rendered":"Dia Internacional contra el Canvi Clim\u00e0tic"},"content":{"rendered":"<p>Avui, 24 d\u2019octubre, se celebra el <em>Dia Internacional contra el Canvi Clim\u00e0tic<\/em>, una jornada de conscienciaci\u00f3 impulsada per organitzacions i institucions d\u2019arreu del m\u00f3n per posar en relleu la necessitat d\u2019actuar davant l\u2019emerg\u00e8ncia clim\u00e0tica.<\/p>\n<p>Segons la <em>Convenci\u00f3 Marc de les Nacions Unides sobre el Canvi Clim\u00e0tic (UNFCCC)<\/em> i el <em>Programa de les Nacions Unides per al Medi Ambient (UNEP)<\/em>, el canvi clim\u00e0tic \u00e9s \u201cel desafiament ambiental m\u00e9s gran del nostre temps\u201d, i els seus efectes (com l\u2019augment de la temperatura global, la pujada del nivell del mar o la freq\u00fc\u00e8ncia d\u2019esdeveniments meteorol\u00f2gics extrems) ja s\u00f3n una realitat que exigeix respostes immediates i coordinades.<\/p>\n<p>A Econia aquest dia ens recorda que la nostra activitat t\u00e9 un paper clau en l\u2019economia circular i en la mitigaci\u00f3 del canvi clim\u00e0tic: reduir emissions, maximitzar el reciclatge i aplicar bones pr\u00e0ctiques ambientals en totes les activitats a les quals assessorem.<\/p>\n<p>Us convidem a que avui (i cada dia) plantegeu accions concretes.<\/p>\n<p>Avui no \u00e9s nom\u00e9s una data m\u00e9s, \u00e9s una oportunitat per refor\u00e7ar el nostre comprom\u00eds amb la descarbonitzaci\u00f3 i la sostenibilitat.<\/p>\n<p>Com a agent directament implicat en el medi ambient, continuem avan\u00e7ant per fer tangible aquest objectiu global.<\/p>\n","protected":false},"excerpt":{"rendered":"<p>Avui, 24 d\u2019octubre, se celebra el Dia Internacional contra el Canvi Clim\u00e0tic, una jornada de conscienciaci\u00f3 impulsada per organitzacions i institucions d\u2019arreu del m\u00f3n per posar en relleu la necessitat d\u2019actuar davant l\u2019emerg\u00e8ncia clim\u00e0tica. Segons la Convenci\u00f3 Marc de les Nacions Unides sobre el Canvi Clim\u00e0tic (UNFCCC) i el Programa de les Nacions Unides per [&hellip;]<\/p>\n","protected":false},"author":2,"featured_media":54822,"comment_status":"closed","ping_status":"open","sticky":false,"template":"","format":"standard","meta":{"inline_featured_image":false,"_exactmetrics_skip_tracking":false,"_exactmetrics_sitenote_active":false,"_exactmetrics_sitenote_note":"","_exactmetrics_sitenote_category":0,"footnotes":""},"categories":[7],"tags":[],"class_list":["post-54824","post","type-post","status-publish","format-standard","has-post-thumbnail","hentry","category-uncategorized-ca","entry"],"_links":{"self":[{"href":"https:\/\/econia.net\/ca\/wp-json\/wp\/v2\/posts\/54824","targetHints":{"allow":["GET"]}}],"collection":[{"href":"https:\/\/econia.net\/ca\/wp-json\/wp\/v2\/posts"}],"about":[{"href":"https:\/\/econia.net\/ca\/wp-json\/wp\/v2\/types\/post"}],"author":[{"embeddable":true,"href":"https:\/\/econia.net\/ca\/wp-json\/wp\/v2\/users\/2"}],"replies":[{"embeddable":true,"href":"https:\/\/econia.net\/ca\/wp-json\/wp\/v2\/comments?post=54824"}],"version-history":[{"count":2,"href":"https:\/\/econia.net\/ca\/wp-json\/wp\/v2\/posts\/54824\/revisions"}],"predecessor-version":[{"id":54826,"href":"https:\/\/econia.net\/ca\/wp-json\/wp\/v2\/posts\/54824\/revisions\/54826"}],"wp:featuredmedia":[{"embeddable":true,"href":"https:\/\/econia.net\/ca\/wp-json\/wp\/v2\/media\/54822"}],"wp:attachment":[{"href":"https:\/\/econia.net\/ca\/wp-json\/wp\/v2\/media?parent=54824"}],"wp:term":[{"taxonomy":"category","embeddable":true,"href":"https:\/\/econia.net\/ca\/wp-json\/wp\/v2\/categories?post=54824"},{"taxonomy":"post_tag","embeddable":true,"href":"https:\/\/econia.net\/ca\/wp-json\/wp\/v2\/tags?post=54824"}],"curies":[{"name":"wp","href":"https:\/\/api.w.org\/{rel}","templated":true}]}}