{"id":54767,"date":"2025-08-27T13:37:28","date_gmt":"2025-08-27T11:37:28","guid":{"rendered":"https:\/\/econia.net\/?p=54767"},"modified":"2026-03-14T13:32:09","modified_gmt":"2026-03-14T11:32:09","slug":"setmana-mundial-de-laigua-2025-aigua-per-laccio-climatica","status":"publish","type":"post","link":"https:\/\/econia.net\/ca\/setmana-mundial-de-laigua-2025-aigua-per-laccio-climatica\/","title":{"rendered":"Setmana Mundial de l\u2019Aigua 2025: Aigua per l\u2019acci\u00f3 clim\u00e0tica."},"content":{"rendered":"<p>Del 24 al 28 d\u2019agost de 2025 se celebra la Setmana Mundial de l\u2019Aigua, impulsada pel <em>Stockholm International Water Institute (SIWI)<\/em>. Aquesta edici\u00f3 porta per lema <em>Aigua per l\u2019acci\u00f3 clim\u00e0tica<\/em>, posant en relleu el paper fonamental de l\u2019aigua en la resposta global a la crisi clim\u00e0tica.<\/p>\n<p>El f\u00f2rum reuneix experts, institucions i organitzacions d\u2019arreu del m\u00f3n per debatre i compartir solucions sobre reptes h\u00eddrics urgents: des de la governan\u00e7a de l\u2019aigua fins a la protecci\u00f3 d\u2019ecosistemes i la inversi\u00f3 en infraestructures resilients.<\/p>\n<p>Un dels eixos destacats \u00e9s el <em>Foco en las Am\u00e9ricas<\/em>, que aborda la situaci\u00f3 a Am\u00e8rica Llatina i el Carib. Aquesta regi\u00f3, especialment vulnerable a la sequera i als fen\u00f2mens extrems, reclama respostes col\u00b7lectives i una major cooperaci\u00f3 internacional per garantir la seguretat h\u00eddrica i clim\u00e0tica.<\/p>\n<p>La Setmana Mundial de l\u2019Aigua \u00e9s una oportunitat per generar debat, impulsar la innovaci\u00f3 i refor\u00e7ar la col\u00b7laboraci\u00f3 entre governs, empreses i societat civil.<\/p>\n<p>Des d\u2019Econia ens sumem a la crida: cal actuar de manera urgent i integrar l\u2019aigua com a eix central de les pol\u00edtiques clim\u00e0tiques per assegurar un futur sostenible.<\/p>\n<p>&nbsp;<\/p>\n","protected":false},"excerpt":{"rendered":"<p>Del 24 al 28 d\u2019agost de 2025 se celebra la Setmana Mundial de l\u2019Aigua, impulsada pel Stockholm International Water Institute (SIWI). Aquesta edici\u00f3 porta per lema Aigua per l\u2019acci\u00f3 clim\u00e0tica, posant en relleu el paper fonamental de l\u2019aigua en la resposta global a la crisi clim\u00e0tica. El f\u00f2rum reuneix experts, institucions i organitzacions d\u2019arreu del [&hellip;]<\/p>\n","protected":false},"author":2,"featured_media":54765,"comment_status":"closed","ping_status":"open","sticky":false,"template":"","format":"standard","meta":{"inline_featured_image":false,"_exactmetrics_skip_tracking":false,"_exactmetrics_sitenote_active":false,"_exactmetrics_sitenote_note":"","_exactmetrics_sitenote_category":0,"footnotes":""},"categories":[7],"tags":[],"class_list":["post-54767","post","type-post","status-publish","format-standard","has-post-thumbnail","hentry","category-uncategorized-ca","entry"],"_links":{"self":[{"href":"https:\/\/econia.net\/ca\/wp-json\/wp\/v2\/posts\/54767","targetHints":{"allow":["GET"]}}],"collection":[{"href":"https:\/\/econia.net\/ca\/wp-json\/wp\/v2\/posts"}],"about":[{"href":"https:\/\/econia.net\/ca\/wp-json\/wp\/v2\/types\/post"}],"author":[{"embeddable":true,"href":"https:\/\/econia.net\/ca\/wp-json\/wp\/v2\/users\/2"}],"replies":[{"embeddable":true,"href":"https:\/\/econia.net\/ca\/wp-json\/wp\/v2\/comments?post=54767"}],"version-history":[{"count":2,"href":"https:\/\/econia.net\/ca\/wp-json\/wp\/v2\/posts\/54767\/revisions"}],"predecessor-version":[{"id":54769,"href":"https:\/\/econia.net\/ca\/wp-json\/wp\/v2\/posts\/54767\/revisions\/54769"}],"wp:featuredmedia":[{"embeddable":true,"href":"https:\/\/econia.net\/ca\/wp-json\/wp\/v2\/media\/54765"}],"wp:attachment":[{"href":"https:\/\/econia.net\/ca\/wp-json\/wp\/v2\/media?parent=54767"}],"wp:term":[{"taxonomy":"category","embeddable":true,"href":"https:\/\/econia.net\/ca\/wp-json\/wp\/v2\/categories?post=54767"},{"taxonomy":"post_tag","embeddable":true,"href":"https:\/\/econia.net\/ca\/wp-json\/wp\/v2\/tags?post=54767"}],"curies":[{"name":"wp","href":"https:\/\/api.w.org\/{rel}","templated":true}]}}