{"id":54759,"date":"2025-08-07T10:23:02","date_gmt":"2025-08-07T08:23:02","guid":{"rendered":"https:\/\/econia.net\/?p=54759"},"modified":"2026-03-14T13:32:09","modified_gmt":"2026-03-14T11:32:09","slug":"negociacions-clau-a-ginebra-per-frenar-la-contaminacio-per-plastics","status":"publish","type":"post","link":"https:\/\/econia.net\/ca\/negociacions-clau-a-ginebra-per-frenar-la-contaminacio-per-plastics\/","title":{"rendered":"Negociacions clau a Ginebra per frenar la contaminaci\u00f3 per pl\u00e0stics."},"content":{"rendered":"<p>Aquesta setmana, m\u00e9s de 170 pa\u00efsos estan reunits a Ginebra per intentar acordar un tractat mundial contra la contaminaci\u00f3 per pl\u00e0stics. L\u2019objectiu? Regular tot el cicle de vida del pl\u00e0stic: des de la producci\u00f3 fins a la gesti\u00f3 dels residus.<\/p>\n<p>Segons el Programa de les Nacions Unides per al Medi Ambient (PNUMA), no n\u2019hi ha prou amb reciclar: cal repensar la producci\u00f3 i l\u2019\u00fas del pl\u00e0stic per reduir-ne dr\u00e0sticament l\u2019impacte. La ra\u00f3 \u00e9s que el pl\u00e0stic ja s\u2019ha trobat a tot arreu: als oceans, a l\u2019aire&#8230; i fins i tot al cos hum\u00e0.<\/p>\n<p>El gran debat? Si s\u2019haurien de posar l\u00edmits globals obligatoris a la producci\u00f3 de pl\u00e0stics. Molts pa\u00efsos i entitats ecologistes hi estan a favor, per\u00f2 altres \u2014com els EUA, R\u00fassia o l\u2019Ar\u00e0bia Saudita\u2014 s\u2019hi oposen i aposten nom\u00e9s pel reciclatge.<\/p>\n<p>Greenpeace demana reduir la producci\u00f3 un 75% abans del 2040. Altres grups, com WWF i empreses, reclamen mesures concretes: eliminar qu\u00edmics t\u00f2xics, fomentar productes m\u00e9s sostenibles i donar suport als pa\u00efsos que m\u00e9s pateixen la crisi ambiental.<\/p>\n<p>Les negociacions acaben el 14 d\u2019agost i poden marcar un abans i un despr\u00e9s\u00a0en la lluita global contra la contaminaci\u00f3 per pl\u00e0stics.<\/p>\n","protected":false},"excerpt":{"rendered":"<p>Aquesta setmana, m\u00e9s de 170 pa\u00efsos estan reunits a Ginebra per intentar acordar un tractat mundial contra la contaminaci\u00f3 per pl\u00e0stics. L\u2019objectiu? Regular tot el cicle de vida del pl\u00e0stic: des de la producci\u00f3 fins a la gesti\u00f3 dels residus. Segons el Programa de les Nacions Unides per al Medi Ambient (PNUMA), no n\u2019hi ha [&hellip;]<\/p>\n","protected":false},"author":2,"featured_media":54756,"comment_status":"closed","ping_status":"open","sticky":false,"template":"","format":"standard","meta":{"inline_featured_image":false,"_exactmetrics_skip_tracking":false,"_exactmetrics_sitenote_active":false,"_exactmetrics_sitenote_note":"","_exactmetrics_sitenote_category":0,"footnotes":""},"categories":[7],"tags":[],"class_list":["post-54759","post","type-post","status-publish","format-standard","has-post-thumbnail","hentry","category-uncategorized-ca","entry"],"_links":{"self":[{"href":"https:\/\/econia.net\/ca\/wp-json\/wp\/v2\/posts\/54759","targetHints":{"allow":["GET"]}}],"collection":[{"href":"https:\/\/econia.net\/ca\/wp-json\/wp\/v2\/posts"}],"about":[{"href":"https:\/\/econia.net\/ca\/wp-json\/wp\/v2\/types\/post"}],"author":[{"embeddable":true,"href":"https:\/\/econia.net\/ca\/wp-json\/wp\/v2\/users\/2"}],"replies":[{"embeddable":true,"href":"https:\/\/econia.net\/ca\/wp-json\/wp\/v2\/comments?post=54759"}],"version-history":[{"count":2,"href":"https:\/\/econia.net\/ca\/wp-json\/wp\/v2\/posts\/54759\/revisions"}],"predecessor-version":[{"id":54761,"href":"https:\/\/econia.net\/ca\/wp-json\/wp\/v2\/posts\/54759\/revisions\/54761"}],"wp:featuredmedia":[{"embeddable":true,"href":"https:\/\/econia.net\/ca\/wp-json\/wp\/v2\/media\/54756"}],"wp:attachment":[{"href":"https:\/\/econia.net\/ca\/wp-json\/wp\/v2\/media?parent=54759"}],"wp:term":[{"taxonomy":"category","embeddable":true,"href":"https:\/\/econia.net\/ca\/wp-json\/wp\/v2\/categories?post=54759"},{"taxonomy":"post_tag","embeddable":true,"href":"https:\/\/econia.net\/ca\/wp-json\/wp\/v2\/tags?post=54759"}],"curies":[{"name":"wp","href":"https:\/\/api.w.org\/{rel}","templated":true}]}}