{"id":54717,"date":"2025-06-23T08:54:20","date_gmt":"2025-06-23T06:54:20","guid":{"rendered":"https:\/\/econia.net\/?p=54717"},"modified":"2026-03-14T13:35:42","modified_gmt":"2026-03-14T11:35:42","slug":"21-de-juny-dia-internacional-del-sol","status":"publish","type":"post","link":"https:\/\/econia.net\/ca\/21-de-juny-dia-internacional-del-sol\/","title":{"rendered":"21 de juny: Dia Internacional del Sol."},"content":{"rendered":"<p class=\"xmsonormal\"><span style=\"font-family: 'Calibri',sans-serif;\">El 21 de juny se celebra el <em>Dia Internacional del Sol<\/em>, una data que coincideix amb el solstici d\u2019estiu, el dia amb m\u00e9s hores de llum solar de tot l\u2019any a l\u2019hemisferi nord. \u00c9s un moment perfecte per recon\u00e8ixer la import\u00e0ncia del Sol, no nom\u00e9s com a font de llum i vida, sin\u00f3 tamb\u00e9 com a recurs energ\u00e8tic fonamental per a la transici\u00f3 ecol\u00f2gica.<\/span><\/p>\n<p class=\"xmsonormal\"><span style=\"font-family: 'Calibri',sans-serif;\">\u00a0<\/span><span style=\"font-family: 'Calibri',sans-serif;\">Des d\u2019Econia, com a empresa compromesa amb la protecci\u00f3 del medi ambient, aprofitem aquesta jornada per fer valdre el potencial transformador de l\u2019energia solar. Es tracta d\u2019una energia neta, renovable i inesgotable, clau per reduir les emissions de gasos amb efecte d\u2019hivernacle i per caminar cap a un futur descarbonitzat i resilient al canvi clim\u00e0tic.<\/span><\/p>\n<p class=\"xmsonormal\"><span style=\"font-family: 'Calibri',sans-serif;\">\u00a0<\/span><span style=\"font-family: 'Calibri',sans-serif;\">Acompanyem empreses i entitats en la seva transformaci\u00f3 ambiental, ja sigui mitjan\u00e7ant el c\u00e0lcul de la seva petjada de carboni, la gesti\u00f3 sostenible dels seus recursos o la implementaci\u00f3 de millores ambientals orientades a l\u2019efici\u00e8ncia energ\u00e8tica. <\/span><\/p>\n<p class=\"xmsonormal\"><span style=\"font-family: 'Calibri',sans-serif;\">\u00a0<\/span><span style=\"font-family: 'Calibri',sans-serif;\">El Sol ens inspira i ens dona eines per avan\u00e7ar cap a un model m\u00e9s responsable i respectu\u00f3s amb el planeta.<\/span><\/p>\n<p class=\"xmsonormal\"><span style=\"font-family: 'Calibri',sans-serif;\">\u00a0<\/span><span style=\"font-family: 'Calibri',sans-serif;\">Aquest 21 de juny aprofitem la for\u00e7a del Sol com a s\u00edmbol d\u2019oportunitat, canvi i futur sostenible. <\/span><\/p>\n","protected":false},"excerpt":{"rendered":"<p>El 21 de juny se celebra el Dia Internacional del Sol, una data que coincideix amb el solstici d\u2019estiu, el dia amb m\u00e9s hores de llum solar de tot l\u2019any a l\u2019hemisferi nord. \u00c9s un moment perfecte per recon\u00e8ixer la import\u00e0ncia del Sol, no nom\u00e9s com a font de llum i vida, sin\u00f3 tamb\u00e9 com [&hellip;]<\/p>\n","protected":false},"author":2,"featured_media":54714,"comment_status":"closed","ping_status":"open","sticky":false,"template":"","format":"standard","meta":{"inline_featured_image":false,"_exactmetrics_skip_tracking":false,"_exactmetrics_sitenote_active":false,"_exactmetrics_sitenote_note":"","_exactmetrics_sitenote_category":0,"footnotes":""},"categories":[7],"tags":[],"class_list":["post-54717","post","type-post","status-publish","format-standard","has-post-thumbnail","hentry","category-uncategorized-ca","entry"],"_links":{"self":[{"href":"https:\/\/econia.net\/ca\/wp-json\/wp\/v2\/posts\/54717","targetHints":{"allow":["GET"]}}],"collection":[{"href":"https:\/\/econia.net\/ca\/wp-json\/wp\/v2\/posts"}],"about":[{"href":"https:\/\/econia.net\/ca\/wp-json\/wp\/v2\/types\/post"}],"author":[{"embeddable":true,"href":"https:\/\/econia.net\/ca\/wp-json\/wp\/v2\/users\/2"}],"replies":[{"embeddable":true,"href":"https:\/\/econia.net\/ca\/wp-json\/wp\/v2\/comments?post=54717"}],"version-history":[{"count":1,"href":"https:\/\/econia.net\/ca\/wp-json\/wp\/v2\/posts\/54717\/revisions"}],"predecessor-version":[{"id":54718,"href":"https:\/\/econia.net\/ca\/wp-json\/wp\/v2\/posts\/54717\/revisions\/54718"}],"wp:featuredmedia":[{"embeddable":true,"href":"https:\/\/econia.net\/ca\/wp-json\/wp\/v2\/media\/54714"}],"wp:attachment":[{"href":"https:\/\/econia.net\/ca\/wp-json\/wp\/v2\/media?parent=54717"}],"wp:term":[{"taxonomy":"category","embeddable":true,"href":"https:\/\/econia.net\/ca\/wp-json\/wp\/v2\/categories?post=54717"},{"taxonomy":"post_tag","embeddable":true,"href":"https:\/\/econia.net\/ca\/wp-json\/wp\/v2\/tags?post=54717"}],"curies":[{"name":"wp","href":"https:\/\/api.w.org\/{rel}","templated":true}]}}