{"id":54708,"date":"2025-06-17T08:32:41","date_gmt":"2025-06-17T06:32:41","guid":{"rendered":"https:\/\/econia.net\/?p=54708"},"modified":"2026-03-14T13:35:43","modified_gmt":"2026-03-14T11:35:43","slug":"dia-mundial-contra-la-desertificacio-i-la-sequera-recuperar-la-terra-per-protegir-el-futur","status":"publish","type":"post","link":"https:\/\/econia.net\/ca\/dia-mundial-contra-la-desertificacio-i-la-sequera-recuperar-la-terra-per-protegir-el-futur\/","title":{"rendered":"Dia Mundial contra la Desertificaci\u00f3 i la Sequera: recuperar la terra per protegir el futur."},"content":{"rendered":"<p>Avui, 17 de juny, es commemora el <strong>Dia Mundial de la Lluita contra la Desertificaci\u00f3 i la Sequera,<\/strong> una data impulsada per les Nacions Unides per conscienciar sobre la p\u00e8rdua de terres f\u00e8rtils i la manca d\u2019aigua, problemes que afecten milions de persones arreu del m\u00f3n.<\/p>\n<p>Enguany, el lema \u00e9s \u201c<em>Restaurar la terra. Generar oportunitats<\/em>\u201d. L\u2019objectiu \u00e9s recordar que cuidar els s\u00f2ls no nom\u00e9s \u00e9s essencial per a l\u2019entorn, sin\u00f3 que tamb\u00e9 ajuda a crear llocs de treball, garantir aliments i afrontar els efectes del canvi clim\u00e0tic.<\/p>\n<p>Segons dades de l\u2019ONU, gaireb\u00e9 la meitat de l\u2019economia mundial dep\u00e8n de terres en bon estat. Tot i aix\u00f2, cada any es degraden milions d\u2019hect\u00e0rees, amb greus conseq\u00fc\u00e8ncies per a l\u2019agricultura i les comunitats rurals. A m\u00e9s, la desertificaci\u00f3 i la sequera van en augment a causa de la sobreexplotaci\u00f3, la desforestaci\u00f3 i l\u2019escalfament global.<\/p>\n<p>A Espanya, un dels pa\u00efsos europeus m\u00e9s afectats per aquests fen\u00f2mens, el Ministeri per a la Transici\u00f3 Ecol\u00f2gica ha presentat noves mesures per restaurar zones degradades, com ara el Mar Menor, i refor\u00e7ar la lluita contra la desertificaci\u00f3.<\/p>\n<p>Segons els experts, cada euro invertit en recuperar terres pot generar fins a 30 euros en beneficis socials, ambientals i econ\u00f2mics.<\/p>\n<p>Aquest 17 de juny, el missatge \u00e9s clar: cuidar la terra \u00e9s cuidar-nos a nosaltres mateixos i a les generacions futures.<\/p>\n","protected":false},"excerpt":{"rendered":"<p>Avui, 17 de juny, es commemora el Dia Mundial de la Lluita contra la Desertificaci\u00f3 i la Sequera, una data impulsada per les Nacions Unides per conscienciar sobre la p\u00e8rdua de terres f\u00e8rtils i la manca d\u2019aigua, problemes que afecten milions de persones arreu del m\u00f3n. Enguany, el lema \u00e9s \u201cRestaurar la terra. Generar oportunitats\u201d. [&hellip;]<\/p>\n","protected":false},"author":2,"featured_media":54705,"comment_status":"closed","ping_status":"open","sticky":false,"template":"","format":"standard","meta":{"inline_featured_image":false,"_exactmetrics_skip_tracking":false,"_exactmetrics_sitenote_active":false,"_exactmetrics_sitenote_note":"","_exactmetrics_sitenote_category":0,"footnotes":""},"categories":[7],"tags":[],"class_list":["post-54708","post","type-post","status-publish","format-standard","has-post-thumbnail","hentry","category-uncategorized-ca","entry"],"_links":{"self":[{"href":"https:\/\/econia.net\/ca\/wp-json\/wp\/v2\/posts\/54708","targetHints":{"allow":["GET"]}}],"collection":[{"href":"https:\/\/econia.net\/ca\/wp-json\/wp\/v2\/posts"}],"about":[{"href":"https:\/\/econia.net\/ca\/wp-json\/wp\/v2\/types\/post"}],"author":[{"embeddable":true,"href":"https:\/\/econia.net\/ca\/wp-json\/wp\/v2\/users\/2"}],"replies":[{"embeddable":true,"href":"https:\/\/econia.net\/ca\/wp-json\/wp\/v2\/comments?post=54708"}],"version-history":[{"count":2,"href":"https:\/\/econia.net\/ca\/wp-json\/wp\/v2\/posts\/54708\/revisions"}],"predecessor-version":[{"id":54710,"href":"https:\/\/econia.net\/ca\/wp-json\/wp\/v2\/posts\/54708\/revisions\/54710"}],"wp:featuredmedia":[{"embeddable":true,"href":"https:\/\/econia.net\/ca\/wp-json\/wp\/v2\/media\/54705"}],"wp:attachment":[{"href":"https:\/\/econia.net\/ca\/wp-json\/wp\/v2\/media?parent=54708"}],"wp:term":[{"taxonomy":"category","embeddable":true,"href":"https:\/\/econia.net\/ca\/wp-json\/wp\/v2\/categories?post=54708"},{"taxonomy":"post_tag","embeddable":true,"href":"https:\/\/econia.net\/ca\/wp-json\/wp\/v2\/tags?post=54708"}],"curies":[{"name":"wp","href":"https:\/\/api.w.org\/{rel}","templated":true}]}}