{"id":54646,"date":"2025-04-07T16:39:05","date_gmt":"2025-04-07T14:39:05","guid":{"rendered":"https:\/\/econia.net\/?p=54646"},"modified":"2026-03-14T13:36:04","modified_gmt":"2026-03-14T11:36:04","slug":"exit-en-la-10a-jornada-de-networking-del-gremi-de-recuperacio-de-catalunya","status":"publish","type":"post","link":"https:\/\/econia.net\/ca\/exit-en-la-10a-jornada-de-networking-del-gremi-de-recuperacio-de-catalunya\/","title":{"rendered":"\u00c8xit en la 10a Jornada de Networking del Gremi de Recuperaci\u00f3 de Catalunya."},"content":{"rendered":"<p>El passat 3 d\u2019abril es va celebrar la <em>10a Jornada de Networking<\/em> del Gremi al M\u00f3n Sant Benet, una trobada clau per al sector del reciclatge i la recuperaci\u00f3.<\/p>\n<p>Continuant amb l\u2019\u00e8xit de l\u2019edici\u00f3 anterior i reunint a uns 250 professionals, l\u2019esdeveniment va representar una oportunitat \u00fanica per generar sinergies i obrir noves oportunitats de negoci a tots els nivells.<\/p>\n<p>L\u2019acte es va adre\u00e7ar a un p\u00fablic ampli: des de representants d\u2019administracions p\u00fabliques fins a empreses l\u00edders, brokers internacionals, prove\u00efdors, ONG, sindicats i acad\u00e8mics. L\u2019objectiu va ser promoure l\u2019intercanvi de coneixement i potenciar la col\u00b7laboraci\u00f3 en el marc de l\u2019economia circular.<\/p>\n<p>La gerent d\u2019Econia Empresarial, Meritxell Barroso, despr\u00e9s de la seva pon\u00e8ncia \u201c<em>EMISSIONS DE CO\u2082, Mercat d\u2019oportunitats per a TOTS els gestors<\/em>\u201d, va ser l\u2019encarregada de moderar la taula rodona on es va tractar el tema.<\/p>\n<p>El M\u00f3n Sant Benet, ubicat al cor de Catalunya, va oferir un entorn incomparable combinant patrimoni, sostenibilitat i alta gastronomia, convertint-se en l\u2019escenari ideal per a aquest esdeveniment de refer\u00e8ncia.<\/p>\n<p>&nbsp;<\/p>\n<p><a href=\"https:\/\/www.gremirecuperacio.org\/\" rel=\"nofollow noopener\" target=\"_blank\">https:\/\/www.gremirecuperacio.org\/<\/a><\/p>\n","protected":false},"excerpt":{"rendered":"<p>El passat 3 d\u2019abril es va celebrar la 10a Jornada de Networking del Gremi al M\u00f3n Sant Benet, una trobada clau per al sector del reciclatge i la recuperaci\u00f3. Continuant amb l\u2019\u00e8xit de l\u2019edici\u00f3 anterior i reunint a uns 250 professionals, l\u2019esdeveniment va representar una oportunitat \u00fanica per generar sinergies i obrir noves oportunitats de [&hellip;]<\/p>\n","protected":false},"author":2,"featured_media":54644,"comment_status":"closed","ping_status":"open","sticky":false,"template":"","format":"standard","meta":{"inline_featured_image":false,"_exactmetrics_skip_tracking":false,"_exactmetrics_sitenote_active":false,"_exactmetrics_sitenote_note":"","_exactmetrics_sitenote_category":0,"footnotes":""},"categories":[7],"tags":[],"class_list":["post-54646","post","type-post","status-publish","format-standard","has-post-thumbnail","hentry","category-uncategorized-ca","entry"],"_links":{"self":[{"href":"https:\/\/econia.net\/ca\/wp-json\/wp\/v2\/posts\/54646","targetHints":{"allow":["GET"]}}],"collection":[{"href":"https:\/\/econia.net\/ca\/wp-json\/wp\/v2\/posts"}],"about":[{"href":"https:\/\/econia.net\/ca\/wp-json\/wp\/v2\/types\/post"}],"author":[{"embeddable":true,"href":"https:\/\/econia.net\/ca\/wp-json\/wp\/v2\/users\/2"}],"replies":[{"embeddable":true,"href":"https:\/\/econia.net\/ca\/wp-json\/wp\/v2\/comments?post=54646"}],"version-history":[{"count":1,"href":"https:\/\/econia.net\/ca\/wp-json\/wp\/v2\/posts\/54646\/revisions"}],"predecessor-version":[{"id":54647,"href":"https:\/\/econia.net\/ca\/wp-json\/wp\/v2\/posts\/54646\/revisions\/54647"}],"wp:featuredmedia":[{"embeddable":true,"href":"https:\/\/econia.net\/ca\/wp-json\/wp\/v2\/media\/54644"}],"wp:attachment":[{"href":"https:\/\/econia.net\/ca\/wp-json\/wp\/v2\/media?parent=54646"}],"wp:term":[{"taxonomy":"category","embeddable":true,"href":"https:\/\/econia.net\/ca\/wp-json\/wp\/v2\/categories?post=54646"},{"taxonomy":"post_tag","embeddable":true,"href":"https:\/\/econia.net\/ca\/wp-json\/wp\/v2\/tags?post=54646"}],"curies":[{"name":"wp","href":"https:\/\/api.w.org\/{rel}","templated":true}]}}