{"id":54635,"date":"2025-03-24T14:27:14","date_gmt":"2025-03-24T12:27:14","guid":{"rendered":"https:\/\/econia.net\/?p=54635"},"modified":"2026-03-14T13:36:04","modified_gmt":"2026-03-14T11:36:04","slug":"la-ue-presenta-la-directiva-omnibus-per-accelerar-la-transicio-verda-amb-menys-burocracia","status":"publish","type":"post","link":"https:\/\/econia.net\/ca\/la-ue-presenta-la-directiva-omnibus-per-accelerar-la-transicio-verda-amb-menys-burocracia\/","title":{"rendered":"La UE presenta la Directiva \u00d2mnibus per accelerar la transici\u00f3 verda amb menys burocr\u00e0cia."},"content":{"rendered":"<p>La Comissi\u00f3 Europea ha presentat la Directiva \u00d2mnibus, una proposta legislativa clau per agilitzar el desplegament de tecnologies netes i reduir les c\u00e0rregues administratives que dificulten la transici\u00f3 ecol\u00f2gica.<\/p>\n<p>Aquesta iniciativa forma part del Pla Industrial del Pacte Verd Europeu i busca fer m\u00e9s eficient el marc normatiu que afecta sectors estrat\u00e8gics com les energies renovables, la producci\u00f3 neta i la descarbonitzaci\u00f3 industrial.<\/p>\n<p>L\u2019objectiu principal \u00e9s simplificar els processos administratius sense rebaixar els est\u00e0ndards ambientals. Per aconseguir-ho, la Directiva \u00d2mnibus proposa eliminar requisits obsolets, digitalitzar tr\u00e0mits i fixar terminis m\u00e0xims per a l\u2019atorgament de permisos.<\/p>\n<p>La Comissi\u00f3 estima que aquestes mesures podrien reduir fins a un 25% les obligacions d\u2019informaci\u00f3 imposades a empreses i administracions p\u00fabliques.<\/p>\n<p>Aquesta directiva modifica diverses normatives europees vigents \u2014com la Directiva d\u2019Emissions Industrials i la legislaci\u00f3 sobre residus i impacte ambiental\u2014 per fer-les m\u00e9s coherents i compatibles amb els objectius clim\u00e0tics de la UE.<\/p>\n<p>\u201c<em>No es tracta de menys protecci\u00f3 ambiental, sin\u00f3 de millor regulaci\u00f3<\/em>\u201d, ha subratllat la Comissi\u00f3 en un comunicat oficial. Amb aquesta reforma, Europa busca refor\u00e7ar la seva competitivitat industrial alhora que avan\u00e7a cap a la neutralitat clim\u00e0tica abans de 2050.<\/p>\n<p>La proposta ser\u00e0 debatuda pel Parlament Europeu i el Consell, amb l\u2019objectiu que entri en vigor el 2025.<\/p>\n","protected":false},"excerpt":{"rendered":"<p>La Comissi\u00f3 Europea ha presentat la Directiva \u00d2mnibus, una proposta legislativa clau per agilitzar el desplegament de tecnologies netes i reduir les c\u00e0rregues administratives que dificulten la transici\u00f3 ecol\u00f2gica. Aquesta iniciativa forma part del Pla Industrial del Pacte Verd Europeu i busca fer m\u00e9s eficient el marc normatiu que afecta sectors estrat\u00e8gics com les energies [&hellip;]<\/p>\n","protected":false},"author":2,"featured_media":54636,"comment_status":"closed","ping_status":"open","sticky":false,"template":"","format":"standard","meta":{"inline_featured_image":false,"_exactmetrics_skip_tracking":false,"_exactmetrics_sitenote_active":false,"_exactmetrics_sitenote_note":"","_exactmetrics_sitenote_category":0,"footnotes":""},"categories":[7],"tags":[],"class_list":["post-54635","post","type-post","status-publish","format-standard","has-post-thumbnail","hentry","category-uncategorized-ca","entry"],"_links":{"self":[{"href":"https:\/\/econia.net\/ca\/wp-json\/wp\/v2\/posts\/54635","targetHints":{"allow":["GET"]}}],"collection":[{"href":"https:\/\/econia.net\/ca\/wp-json\/wp\/v2\/posts"}],"about":[{"href":"https:\/\/econia.net\/ca\/wp-json\/wp\/v2\/types\/post"}],"author":[{"embeddable":true,"href":"https:\/\/econia.net\/ca\/wp-json\/wp\/v2\/users\/2"}],"replies":[{"embeddable":true,"href":"https:\/\/econia.net\/ca\/wp-json\/wp\/v2\/comments?post=54635"}],"version-history":[{"count":1,"href":"https:\/\/econia.net\/ca\/wp-json\/wp\/v2\/posts\/54635\/revisions"}],"predecessor-version":[{"id":54638,"href":"https:\/\/econia.net\/ca\/wp-json\/wp\/v2\/posts\/54635\/revisions\/54638"}],"wp:featuredmedia":[{"embeddable":true,"href":"https:\/\/econia.net\/ca\/wp-json\/wp\/v2\/media\/54636"}],"wp:attachment":[{"href":"https:\/\/econia.net\/ca\/wp-json\/wp\/v2\/media?parent=54635"}],"wp:term":[{"taxonomy":"category","embeddable":true,"href":"https:\/\/econia.net\/ca\/wp-json\/wp\/v2\/categories?post=54635"},{"taxonomy":"post_tag","embeddable":true,"href":"https:\/\/econia.net\/ca\/wp-json\/wp\/v2\/tags?post=54635"}],"curies":[{"name":"wp","href":"https:\/\/api.w.org\/{rel}","templated":true}]}}