{"id":54512,"date":"2025-02-11T11:01:01","date_gmt":"2025-02-11T09:01:01","guid":{"rendered":"https:\/\/econia.net\/?p=54512"},"modified":"2026-03-14T13:36:05","modified_gmt":"2026-03-14T11:36:05","slug":"copernicus-alerta-el-canvi-climatic-accelera-amb-temperatures-record-el-2024","status":"publish","type":"post","link":"https:\/\/econia.net\/ca\/copernicus-alerta-el-canvi-climatic-accelera-amb-temperatures-record-el-2024\/","title":{"rendered":"Copernicus alerta: El canvi clim\u00e0tic accelera amb temperatures r\u00e8cord el 2024"},"content":{"rendered":"<p>L&#8217;any 2024 ha estat el m\u00e9s c\u00e0lid registrat fins ara, amb una temperatura mitjana global que ha superat per primera vegada els 1,5\u202f\u00b0C respecte als nivells preindustrials. Segons el Servei de Canvi Clim\u00e0tic de Copernicus (C3S), la temperatura mitjana anual va ser 1,6\u202f\u00b0C superior a la mitjana preindustrial, superant aix\u00ed el llindar cr\u00edtic establert per l&#8217;Acord de Par\u00eds.<\/p>\n<p>Aquest increment de la temperatura global ha tingut conseq\u00fc\u00e8ncies significatives en diverses regions del m\u00f3n: incendis a Calif\u00f2rnia, Xile, huracans al Carib, sequera a l\u2019Amazones o la dana a Val\u00e8ncia.<\/p>\n<p>Els experts adverteixen que aquests r\u00e8cords de temperatura i els fen\u00f2mens clim\u00e0tics extrems associats subratllen la urg\u00e8ncia d&#8217;augmentar les ambicions clim\u00e0tiques a escala global. Tot i que l&#8217;Acord de Par\u00eds estableix el l\u00edmit d&#8217;1,5\u202f\u00b0C com a objectiu a llarg termini, superar aquest llindar, encara que sigui temporalment, posa de manifest la necessitat d&#8217;accions immediates per reduir les emissions de gasos d&#8217;efecte hivernacle i mitigar els efectes del canvi clim\u00e0tic.<\/p>\n<p>A ECONIA treballem per a que la ind\u00fastria sigui un actor implicat en la lluita contra el canvi clim\u00e0tic.<\/p>\n","protected":false},"excerpt":{"rendered":"<p>L&#8217;any 2024 ha estat el m\u00e9s c\u00e0lid registrat fins ara, amb una temperatura mitjana global que ha superat per primera vegada els 1,5\u202f\u00b0C respecte als nivells preindustrials. Segons el Servei de Canvi Clim\u00e0tic de Copernicus (C3S), la temperatura mitjana anual va ser 1,6\u202f\u00b0C superior a la mitjana preindustrial, superant aix\u00ed el llindar cr\u00edtic establert per [&hellip;]<\/p>\n","protected":false},"author":2,"featured_media":54510,"comment_status":"closed","ping_status":"open","sticky":false,"template":"","format":"standard","meta":{"inline_featured_image":false,"_exactmetrics_skip_tracking":false,"_exactmetrics_sitenote_active":false,"_exactmetrics_sitenote_note":"","_exactmetrics_sitenote_category":0,"footnotes":""},"categories":[7],"tags":[],"class_list":["post-54512","post","type-post","status-publish","format-standard","has-post-thumbnail","hentry","category-uncategorized-ca","entry"],"_links":{"self":[{"href":"https:\/\/econia.net\/ca\/wp-json\/wp\/v2\/posts\/54512","targetHints":{"allow":["GET"]}}],"collection":[{"href":"https:\/\/econia.net\/ca\/wp-json\/wp\/v2\/posts"}],"about":[{"href":"https:\/\/econia.net\/ca\/wp-json\/wp\/v2\/types\/post"}],"author":[{"embeddable":true,"href":"https:\/\/econia.net\/ca\/wp-json\/wp\/v2\/users\/2"}],"replies":[{"embeddable":true,"href":"https:\/\/econia.net\/ca\/wp-json\/wp\/v2\/comments?post=54512"}],"version-history":[{"count":1,"href":"https:\/\/econia.net\/ca\/wp-json\/wp\/v2\/posts\/54512\/revisions"}],"predecessor-version":[{"id":54513,"href":"https:\/\/econia.net\/ca\/wp-json\/wp\/v2\/posts\/54512\/revisions\/54513"}],"wp:featuredmedia":[{"embeddable":true,"href":"https:\/\/econia.net\/ca\/wp-json\/wp\/v2\/media\/54510"}],"wp:attachment":[{"href":"https:\/\/econia.net\/ca\/wp-json\/wp\/v2\/media?parent=54512"}],"wp:term":[{"taxonomy":"category","embeddable":true,"href":"https:\/\/econia.net\/ca\/wp-json\/wp\/v2\/categories?post=54512"},{"taxonomy":"post_tag","embeddable":true,"href":"https:\/\/econia.net\/ca\/wp-json\/wp\/v2\/tags?post=54512"}],"curies":[{"name":"wp","href":"https:\/\/api.w.org\/{rel}","templated":true}]}}