{"id":54482,"date":"2025-01-28T09:48:58","date_gmt":"2025-01-28T07:48:58","guid":{"rendered":"https:\/\/econia.net\/?p=54482"},"modified":"2026-03-14T13:36:06","modified_gmt":"2026-03-14T11:36:06","slug":"la-reduccio-demissions-de-co%e2%82%82-una-necessitat-per-al-futur-del-planeta","status":"publish","type":"post","link":"https:\/\/econia.net\/ca\/la-reduccio-demissions-de-co%e2%82%82-una-necessitat-per-al-futur-del-planeta\/","title":{"rendered":"La reducci\u00f3 d&#8217;emissions de CO\u2082: una necessitat per al futur del planeta"},"content":{"rendered":"<p>La reducci\u00f3 de les emissions de di\u00f2xid de carboni (CO\u2082) \u00e9s essencial per frenar el canvi clim\u00e0tic i protegir el planeta. Segons l&#8217;Organitzaci\u00f3 de les Nacions Unides (ONU), l&#8217;acceleraci\u00f3 de les accions per reduir el CO\u2082 \u00e9s crucial per mantenir l&#8217;augment de la temperatura global per sota dels 1,5\u00b0C, tal com es va acordar a l&#8217;Acord de Par\u00eds.<\/p>\n<p>Una de les accions m\u00e9s efectives \u00e9s la transici\u00f3 a fonts d&#8217;energia renovables, aix\u00ed com, una millora en l\u2019efici\u00e8ncia energ\u00e8tica. De la mateixa manera, el canvi en els patrons de mobilitat juga un paper determinant. Finalment, la protecci\u00f3 i recuperaci\u00f3 de boscos i ecosistemes tamb\u00e9 s\u00f3n essencials, ja que els arbres actuen com a captadors de carboni, absorbint el CO\u2082 de l&#8217;atmosfera.<\/p>\n<p>En totes aquestes tasques \u00e9s necess\u00e0ria la col\u00b7laboraci\u00f3 efectiva de tota la societat i els agents que la conformen. Tant els ciutadans, l\u2019empresa, la ind\u00fastria, com l\u2019administraci\u00f3 p\u00fablica.<\/p>\n<p>A ECONIA treballem projectes d\u2019ecoinnovaci\u00f3 per a que els nostres clients puguin disminuir les seves emissions i per tant, la seva petjada ecol\u00f2gica.<\/p>\n","protected":false},"excerpt":{"rendered":"<p>La reducci\u00f3 de les emissions de di\u00f2xid de carboni (CO\u2082) \u00e9s essencial per frenar el canvi clim\u00e0tic i protegir el planeta. Segons l&#8217;Organitzaci\u00f3 de les Nacions Unides (ONU), l&#8217;acceleraci\u00f3 de les accions per reduir el CO\u2082 \u00e9s crucial per mantenir l&#8217;augment de la temperatura global per sota dels 1,5\u00b0C, tal com es va acordar a [&hellip;]<\/p>\n","protected":false},"author":2,"featured_media":54480,"comment_status":"closed","ping_status":"open","sticky":false,"template":"","format":"standard","meta":{"inline_featured_image":false,"_exactmetrics_skip_tracking":false,"_exactmetrics_sitenote_active":false,"_exactmetrics_sitenote_note":"","_exactmetrics_sitenote_category":0,"footnotes":""},"categories":[7],"tags":[],"class_list":["post-54482","post","type-post","status-publish","format-standard","has-post-thumbnail","hentry","category-uncategorized-ca","entry"],"_links":{"self":[{"href":"https:\/\/econia.net\/ca\/wp-json\/wp\/v2\/posts\/54482","targetHints":{"allow":["GET"]}}],"collection":[{"href":"https:\/\/econia.net\/ca\/wp-json\/wp\/v2\/posts"}],"about":[{"href":"https:\/\/econia.net\/ca\/wp-json\/wp\/v2\/types\/post"}],"author":[{"embeddable":true,"href":"https:\/\/econia.net\/ca\/wp-json\/wp\/v2\/users\/2"}],"replies":[{"embeddable":true,"href":"https:\/\/econia.net\/ca\/wp-json\/wp\/v2\/comments?post=54482"}],"version-history":[{"count":1,"href":"https:\/\/econia.net\/ca\/wp-json\/wp\/v2\/posts\/54482\/revisions"}],"predecessor-version":[{"id":54483,"href":"https:\/\/econia.net\/ca\/wp-json\/wp\/v2\/posts\/54482\/revisions\/54483"}],"wp:featuredmedia":[{"embeddable":true,"href":"https:\/\/econia.net\/ca\/wp-json\/wp\/v2\/media\/54480"}],"wp:attachment":[{"href":"https:\/\/econia.net\/ca\/wp-json\/wp\/v2\/media?parent=54482"}],"wp:term":[{"taxonomy":"category","embeddable":true,"href":"https:\/\/econia.net\/ca\/wp-json\/wp\/v2\/categories?post=54482"},{"taxonomy":"post_tag","embeddable":true,"href":"https:\/\/econia.net\/ca\/wp-json\/wp\/v2\/tags?post=54482"}],"curies":[{"name":"wp","href":"https:\/\/api.w.org\/{rel}","templated":true}]}}