{"id":54361,"date":"2024-11-11T15:04:55","date_gmt":"2024-11-11T13:04:55","guid":{"rendered":"https:\/\/econia.net\/?p=54361"},"modified":"2026-03-14T13:37:20","modified_gmt":"2026-03-14T11:37:20","slug":"meritxell-barroso-gerent-deconia-participa-a-linfoday-i-jornada-de-revisio-de-propostes-per-a-les-convocatories-2024-del-cluster-5-energia-dhorizon-europe-i-de-la-missio-ciutats-intel","status":"publish","type":"post","link":"https:\/\/econia.net\/ca\/meritxell-barroso-gerent-deconia-participa-a-linfoday-i-jornada-de-revisio-de-propostes-per-a-les-convocatories-2024-del-cluster-5-energia-dhorizon-europe-i-de-la-missio-ciutats-intel\/","title":{"rendered":"Meritxell Barroso, gerent d&#8217;Econia, participa a l\u2019Infoday i jornada de revisi\u00f3 de propostes per a les convocat\u00f2ries 2024 del Cl\u00faster 5 Energia d&#8217;Horizon Europe i de la Missi\u00f3 Ciutats intel\u00b7ligents"},"content":{"rendered":"<p>Meritxell Barroso, gerent d\u2019Econia i Responsable de Sostenibilitat d\u2019Evowall, va ser una de les encarregades de presentar el Renplushomes com a cas d\u2019\u00e8xit dels projectes europeus Horizon 2020.<\/p>\n<p>En aquesta sessi\u00f3, des d\u2019ACCI\u00f3 es van donar a con\u00e8ixer les convocat\u00f2ries del <em>2024 d\u2019Horizon Europe Cl\u00faster 5 Energia<\/em>, aix\u00ed com les de la <em>Missi\u00f3 de Ciutats intel\u00b7ligents i clim\u00e0ticament neutres<\/em>.<\/p>\n<p>Els assistents van poder revisar la seva idea o proposta dels seus projectes amb la NCP (National Contact Point) de CDTI i ACCI\u00d3, i es van poder resoldre dubtes, con\u00e8ixer de primera m\u00e0 un cas d\u2019\u00e8xit i saber quins s\u00f3n els serveis de suport que ofereix ACCI\u00d3 com acompanyament.<\/p>\n<p>Aquesta trobada va suposar una bona oportunitat per a poder fer networking amb l\u2019ecosistema catal\u00e0 interessat en Programes Europeus RDI.<\/p>\n","protected":false},"excerpt":{"rendered":"<p>Meritxell Barroso, gerent d\u2019Econia i Responsable de Sostenibilitat d\u2019Evowall, va ser una de les encarregades de presentar el Renplushomes com a cas d\u2019\u00e8xit dels projectes europeus Horizon 2020. En aquesta sessi\u00f3, des d\u2019ACCI\u00f3 es van donar a con\u00e8ixer les convocat\u00f2ries del 2024 d\u2019Horizon Europe Cl\u00faster 5 Energia, aix\u00ed com les de la Missi\u00f3 de Ciutats [&hellip;]<\/p>\n","protected":false},"author":2,"featured_media":54362,"comment_status":"closed","ping_status":"open","sticky":false,"template":"","format":"standard","meta":{"inline_featured_image":false,"_exactmetrics_skip_tracking":false,"_exactmetrics_sitenote_active":false,"_exactmetrics_sitenote_note":"","_exactmetrics_sitenote_category":0,"footnotes":""},"categories":[7],"tags":[],"class_list":["post-54361","post","type-post","status-publish","format-standard","has-post-thumbnail","hentry","category-uncategorized-ca","entry"],"_links":{"self":[{"href":"https:\/\/econia.net\/ca\/wp-json\/wp\/v2\/posts\/54361","targetHints":{"allow":["GET"]}}],"collection":[{"href":"https:\/\/econia.net\/ca\/wp-json\/wp\/v2\/posts"}],"about":[{"href":"https:\/\/econia.net\/ca\/wp-json\/wp\/v2\/types\/post"}],"author":[{"embeddable":true,"href":"https:\/\/econia.net\/ca\/wp-json\/wp\/v2\/users\/2"}],"replies":[{"embeddable":true,"href":"https:\/\/econia.net\/ca\/wp-json\/wp\/v2\/comments?post=54361"}],"version-history":[{"count":2,"href":"https:\/\/econia.net\/ca\/wp-json\/wp\/v2\/posts\/54361\/revisions"}],"predecessor-version":[{"id":54365,"href":"https:\/\/econia.net\/ca\/wp-json\/wp\/v2\/posts\/54361\/revisions\/54365"}],"wp:featuredmedia":[{"embeddable":true,"href":"https:\/\/econia.net\/ca\/wp-json\/wp\/v2\/media\/54362"}],"wp:attachment":[{"href":"https:\/\/econia.net\/ca\/wp-json\/wp\/v2\/media?parent=54361"}],"wp:term":[{"taxonomy":"category","embeddable":true,"href":"https:\/\/econia.net\/ca\/wp-json\/wp\/v2\/categories?post=54361"},{"taxonomy":"post_tag","embeddable":true,"href":"https:\/\/econia.net\/ca\/wp-json\/wp\/v2\/tags?post=54361"}],"curies":[{"name":"wp","href":"https:\/\/api.w.org\/{rel}","templated":true}]}}