{"id":54155,"date":"2024-01-04T12:36:05","date_gmt":"2024-01-04T10:36:05","guid":{"rendered":"https:\/\/econia.net\/?p=54155"},"modified":"2026-03-14T13:38:52","modified_gmt":"2026-03-14T11:38:52","slug":"la-generalitat-accelera-el-canvi-cap-a-leconomia-circular-amb-un-full-de-ruta-fins-al-2030","status":"publish","type":"post","link":"https:\/\/econia.net\/ca\/la-generalitat-accelera-el-canvi-cap-a-leconomia-circular-amb-un-full-de-ruta-fins-al-2030\/","title":{"rendered":"La Generalitat accelera el canvi cap a l&#8217;economia circular amb un full de ruta fins al 2030."},"content":{"rendered":"<p><strong>El document ha estat possible gr\u00e0cies a la col\u00b7laboraci\u00f3 de diversos departaments del Govern, en el marc del Grup de Treball Interdepartamental d\u2019Economia Verda i Circula<\/strong>r<\/p>\n<p>&nbsp;<\/p>\n<p>El Govern ha aprovat el Full de ruta de l\u2019economia circular a Catalunya (FRECC) 2030 per accelerar la transici\u00f3 del nostre pa\u00eds envers una economia m\u00e9s circular i justa que maximitzi el valor dels recursos i que actu\u00ef com a palanca de la transformaci\u00f3 en un marc de col\u00b7laboracions entre actors clau. El FRECC defineix la missi\u00f3, la visi\u00f3, els objectius estrat\u00e8gics i els objectius operatius per encaminar-nos envers una economia m\u00e9s circular amb un horitz\u00f3 temporal que abasta fins a l\u2019any 2030.<\/p>\n<p>Per elaborar el FRECC, han col\u00b7laborat diversos departaments del Govern, en el marc del Grup de Treball Interdepartamental d\u2019Economia Verda i Circular, i persones expertes de l\u2019\u00e0mbit de l\u2019economia circular. Tamb\u00e9 hi ha hagut un extens proc\u00e9s de participaci\u00f3 ciutadana que ha integrat la visi\u00f3 d\u2019un ampli ventall d\u2019actors socials i econ\u00f2mics.<\/p>\n<p>El desenvolupament d\u2019aquest Full de ruta es dur\u00e0 a terme mitjan\u00e7ant dos plans d\u2019acci\u00f3: el Pla d\u2019acci\u00f3 2024-2026 i el Pla d\u2019acci\u00f3 2027-2029. En la reuni\u00f3 d\u2019avui de l\u2019Executiu, s\u2019ha aprovat el primer dels plans, el dels anys 2024-2026, que es materialitza en 15 l\u00ednies d\u2019actuaci\u00f3 i 80 accions que contribuiran a assolir els objectius estrat\u00e8gics i operatius definits al document.<\/p>\n<p><strong>Objectius, iniciatives i accions<\/strong><\/p>\n<p>El FRECC t\u00e9 quatre objectius estrat\u00e8gics i operatius centrats a contribuir a desacoblar el desenvolupament econ\u00f2mic del consum de recursos i la generaci\u00f3 d&#8217;emissions; accelerar la transformaci\u00f3 social, cultural i laboral envers la circularitat; assegurar la transici\u00f3 efectiva envers un teixit industrial i empresarial circular i digitalitzat, i facilitar la creaci\u00f3 d&#8217;un marc favorable a la transici\u00f3 envers l\u2019economia circular.<\/p>\n<p>D\u2019acord amb aquests objectius, el document defineix un seguit d\u2019iniciatives i accions, entre les quals destaquen:<\/p>\n<ul>\n<li>La consolidaci\u00f3 d\u2019una plataforma d&#8217;intercanvi de productes, recursos, subproductes i serveis que faciliti la simbiosi industrial, o l\u2019Estrat\u00e8gia de bioeconomia de Catalunya, formen part de l\u2019objectiu de contribuir a desacoblar el desenvolupament econ\u00f2mic del consum de recursos.<\/li>\n<li>Per accelerar la transformaci\u00f3 envers la circularitat, es compta, per exemple, amb el redisseny del hub Catalunya Circular com a aparador de tota la informaci\u00f3 rellevant d\u2019economia circular del pa\u00eds, o amb el Pla d&#8217;acci\u00f3 per a la competitivitat dels centres de reutilitzaci\u00f3 a Catalunya.<\/li>\n<li>Entre les accions de transformaci\u00f3 del teixit industrial i empresarial envers un model circular, destaquen el Programa ProACCI\u00d3 Green d\u2019ACCI\u00d3, d\u2019acompanyament a l\u2019empresa, o l\u2019impuls de noves professions i models de negoci amb oportunitats rellevants per a la circularitat, amb la col\u00b7laboraci\u00f3 d\u2019agents com el SOC i les universitats de Catalunya.<\/li>\n<li>La creaci\u00f3 d\u2019un marc favorable per a la transici\u00f3 envers l\u2019economia circular continuar\u00e0 sent possible gr\u00e0cies als ajuts de l\u2019Ag\u00e8ncia de Residus de Catalunya (ARC) relacionats amb l\u2019economia circular, o a la consolidaci\u00f3 dels \u00f2rgans de governan\u00e7a del FRECC, que s\u00f3n el Comit\u00e8 Director d\u2019Economia Circular i el Consell Catal\u00e0 de l\u2019Economia Circular, que comptar\u00e0 amb la participaci\u00f3 dels principals actors implicats.<\/li>\n<\/ul>\n<p><strong>Abandonar l\u2019economia lineal<\/strong><\/p>\n<p>L\u2019economia lineal, aquella que consisteix a extreure, usar i llen\u00e7ar, ja no \u00e9s un model a seguir. L\u2019enorme despesa de recursos naturals, energ\u00e8tics i humans d\u2019aquest model, sumada a l\u2019impacte negatiu que t\u00e9 sobre el medi ambient, fa m\u00e9s necessari que mai un canvi radical de model econ\u00f2mic. El model d\u2019economia circular es postula com una alternativa al model econ\u00f2mic lineal i consisteix en una transformaci\u00f3 envers una economia regenerativa, basada en uns models de producci\u00f3 i consum amb visi\u00f3 de cicle de vida, que permeti preservar els recursos dins d\u2019un cicle continu i optimitzar-ne el valor.<\/p>\n<p>El Pacte verd europeu (<em>European Green Deal<\/em>) planteja una estrat\u00e8gia que transformi la Uni\u00f3 Europea en una economia circular i neutra en emissions l\u2019any 2050, redueixi la contaminaci\u00f3 i restauri la biodiversitat sense deixar ning\u00fa enrere. Per donar resposta a aquests reptes, la Comissi\u00f3 Europea va aprovar l\u2019any 2020 el Nou Pla d\u2019acci\u00f3 d\u2019economia circular amb l\u2019objectiu de reduir la petjada de consum de la Uni\u00f3 Europea i duplicar la taxa d\u2019utilitzaci\u00f3 de material circular en la pr\u00f2xima d\u00e8cada, al mateix temps que s\u2019impulsa el creixement econ\u00f2mic.<\/p>\n","protected":false},"excerpt":{"rendered":"<p>El document ha estat possible gr\u00e0cies a la col\u00b7laboraci\u00f3 de diversos departaments del Govern, en el marc del Grup de Treball Interdepartamental d\u2019Economia Verda i Circular &nbsp; El Govern ha aprovat el Full de ruta de l\u2019economia circular a Catalunya (FRECC) 2030 per accelerar la transici\u00f3 del nostre pa\u00eds envers una economia m\u00e9s circular i [&hellip;]<\/p>\n","protected":false},"author":2,"featured_media":54150,"comment_status":"closed","ping_status":"open","sticky":false,"template":"","format":"standard","meta":{"inline_featured_image":false,"_exactmetrics_skip_tracking":false,"_exactmetrics_sitenote_active":false,"_exactmetrics_sitenote_note":"","_exactmetrics_sitenote_category":0,"footnotes":""},"categories":[7],"tags":[],"class_list":["post-54155","post","type-post","status-publish","format-standard","has-post-thumbnail","hentry","category-uncategorized-ca","entry"],"_links":{"self":[{"href":"https:\/\/econia.net\/ca\/wp-json\/wp\/v2\/posts\/54155","targetHints":{"allow":["GET"]}}],"collection":[{"href":"https:\/\/econia.net\/ca\/wp-json\/wp\/v2\/posts"}],"about":[{"href":"https:\/\/econia.net\/ca\/wp-json\/wp\/v2\/types\/post"}],"author":[{"embeddable":true,"href":"https:\/\/econia.net\/ca\/wp-json\/wp\/v2\/users\/2"}],"replies":[{"embeddable":true,"href":"https:\/\/econia.net\/ca\/wp-json\/wp\/v2\/comments?post=54155"}],"version-history":[{"count":1,"href":"https:\/\/econia.net\/ca\/wp-json\/wp\/v2\/posts\/54155\/revisions"}],"predecessor-version":[{"id":54156,"href":"https:\/\/econia.net\/ca\/wp-json\/wp\/v2\/posts\/54155\/revisions\/54156"}],"wp:featuredmedia":[{"embeddable":true,"href":"https:\/\/econia.net\/ca\/wp-json\/wp\/v2\/media\/54150"}],"wp:attachment":[{"href":"https:\/\/econia.net\/ca\/wp-json\/wp\/v2\/media?parent=54155"}],"wp:term":[{"taxonomy":"category","embeddable":true,"href":"https:\/\/econia.net\/ca\/wp-json\/wp\/v2\/categories?post=54155"},{"taxonomy":"post_tag","embeddable":true,"href":"https:\/\/econia.net\/ca\/wp-json\/wp\/v2\/tags?post=54155"}],"curies":[{"name":"wp","href":"https:\/\/api.w.org\/{rel}","templated":true}]}}