{"id":53790,"date":"2020-07-09T09:31:44","date_gmt":"2020-07-09T09:31:44","guid":{"rendered":"https:\/\/econia.net\/nuevo-rd-que-regula-la-eliminacion-de-residuos-en-vertedero\/"},"modified":"2026-03-14T13:39:41","modified_gmt":"2026-03-14T11:39:41","slug":"nou-rd-que-regula-leliminacio-de-residus-en-abocadors","status":"publish","type":"post","link":"https:\/\/econia.net\/ca\/nou-rd-que-regula-leliminacio-de-residus-en-abocadors\/","title":{"rendered":"NOU RD QUE REGULA L&#8217;ELIMINACI\u00d3 DE RESIDUS EN ABOCADORS"},"content":{"rendered":"<p><span style=\"font-weight: 400;\">El Ministeri per a la Transici\u00f3 Ecol\u00f2gica i el Repte Demogr\u00e0fic, ha publicat el nou Reial decret 646\/2020, de 7 de juliol, pel qual es regula l&#8217;eliminaci\u00f3 de residus mitjan\u00e7ant dip\u00f2sit en abocador; que substitueix al del 2001 i incorpora tots aquells aspectes inclosos en el paquet legislatiu d&#8217;economia circular de la Uni\u00f3 Europea.<\/span><\/p>\n<p><span style=\"font-weight: 400;\">El nou RD t\u00e9 com a objectiu: regular el desenvolupament de l&#8217;activitat de deposici\u00f3 de residus en abocador i reduir l&#8217;impacte ambiental d&#8217;aquestes operacions i els riscos per a la salut de les persones; aix\u00ed com, fomentar el compliment de la jerarquia de residus, sent la deposici\u00f3 en abocador l&#8217;\u00faltima opci\u00f3.<\/span><\/p>\n<p><span style=\"font-weight: 400;\">Els aspectes m\u00e9s rellevants, a part dels objectius indicats, s\u00f3n:<\/span><\/p>\n<ul>\n<li style=\"font-weight: 400;\"><b>Deixa de considerar-se abocador<\/b><span style=\"font-weight: 400;\"> la instal\u00b7laci\u00f3 d&#8217;eliminaci\u00f3 de residus en origen.<\/span><\/li>\n<li style=\"font-weight: 400;\"><span style=\"font-weight: 400;\">Es <\/span><b>considera tamb\u00e9 abocador<\/b><span style=\"font-weight: 400;\">, els magatzematges de: residus perillosos emmagatzemats m\u00e9s de 6 mesos i residus no perillosos emmagatzemats m\u00e9s d&#8217;1 any (si el dest\u00ed final \u00e9s eliminaci\u00f3) o 2 anys (si el dest\u00ed final \u00e9s valoritzaci\u00f3).<\/span><\/li>\n<li style=\"font-weight: 400;\"><span style=\"font-weight: 400;\">S&#8217;estableixen <\/span><b>mesures d&#8217;economia circular<\/b><span style=\"font-weight: 400;\">, establint de manera expressa la possibilitat d&#8217;introduir mesures dissuasives o limitatives de dip\u00f2sit de materials i aix\u00ed mateix s&#8217;estableix el car\u00e0cter finalista de les taxes recaptades per al dip\u00f2sit de materials a abocador.<\/span><\/li>\n<li style=\"font-weight: 400;\"><span style=\"font-weight: 400;\">Residus no admesos en abocador: s&#8217;incorpora un llistat de residus no admissibles; a m\u00e9s, es preveu la possibilitat de determinar nous residus no admissibles a trav\u00e9s d&#8217;Ordre Ministerial. Tamb\u00e9 inclour\u00e0 els residus admissibles en cada tipus d&#8217;abocador, amb l&#8217;obligaci\u00f3 que els productors o posse\u00efdors dels residus proporcionin a les entitats explotadores dels abocadors informaci\u00f3 sobre les caracteritzacions b\u00e0siques dels residus, aix\u00ed com del tractament previ al qual hagin estat sotmesos en el seu cas.<\/span><\/li>\n<li style=\"font-weight: 400;\"><span style=\"font-weight: 400;\">S&#8217;estableix, de la mateixa manera, l&#8217;<\/span><b>obligaci\u00f3 de sotmetre a tractament previ a qualsevol residu<\/b><span style=\"font-weight: 400;\"> (tamb\u00e9 els municipals, respecte dels quals s&#8217;estableix un termini de dos anys per a adoptar l&#8217;Ordre Ministerial corresponent) per a la seva admissi\u00f3, a excepci\u00f3 d&#8217;aquells que expressament siguin eximits d&#8217;aix\u00f2, per mitj\u00e0 d&#8217;Ordre Ministerial.<\/span><\/li>\n<li style=\"font-weight: 400;\"><span style=\"font-weight: 400;\">Incorpora els <\/span><b>objectius de reducci\u00f3 de l&#8217;abocament de residus municipals <\/b><span style=\"font-weight: 400;\">establerts en la Directiva (UE) 2018\/850, que ser\u00e0 inferior al 10% del total de residus municipals produ\u00efts per a l&#8217;1 de gener de 2035. Aix\u00ed mateix, s&#8217;inclou la metodologia de c\u00e0lcul establerta en la Decisi\u00f3 d&#8217;execuci\u00f3 (UE) 2019\/1885.<\/span><\/li>\n<li style=\"font-weight: 400;\"><span style=\"font-weight: 400;\">Estableix els <strong>costos m\u00ednims que haur\u00e0 d&#8217;incloure el preu per l&#8217;eliminaci\u00f3 dels residus<\/strong>, els costos d&#8217;establiment i explotaci\u00f3, les subscripcions d&#8217;assegurances o garanties financeres i fiances. Tamb\u00e9 els costos de clausura, manteniment i control durant almenys 30 anys, aix\u00ed com els costos deguts a l&#8217;emissi\u00f3 de gasos d&#8217;efecte d&#8217;hivernacle, el m\u00e8tode de c\u00e0lcul del qual s&#8217;establir\u00e0 per ordre ministerial abans de 2 anys.<\/span><\/li>\n<li style=\"font-weight: 400;\"><b>R\u00e8gim de fiances<\/b><span style=\"font-weight: 400;\">: es modifica el r\u00e8gim de fiances amb la finalitat que aquestes romanguin vigents despr\u00e9s de la clausura de l&#8217;abocador.<\/span><\/li>\n<li style=\"font-weight: 400;\"><b>R\u00e8gim d&#8217;inspeccions:<\/b><span style=\"font-weight: 400;\"> es refor\u00e7a el r\u00e8gim de les inspeccions previst en el nou Reial decret, d&#8217;acord amb el que s&#8217;estableix en l&#8217;Annex VII.<\/span><\/li>\n<\/ul>\n<p>M\u00e9s informaci\u00f3 en aquest <a href=\"https:\/\/www.boe.es\/diario_boe\/txt.php?id=BOE-A-2020-7438\" target=\"_blank\" rel=\"noopener noreferrer nofollow\">enlla\u00e7<\/a>.<\/p>\n","protected":false},"excerpt":{"rendered":"<p>El Ministeri per a la Transici\u00f3 Ecol\u00f2gica i el Repte Demogr\u00e0fic, ha publicat el nou Reial decret 646\/2020, de 7 de juliol, pel qual es regula l&#8217;eliminaci\u00f3 de residus mitjan\u00e7ant dip\u00f2sit en abocador; que substitueix al del 2001 i incorpora tots aquells aspectes inclosos en el paquet legislatiu d&#8217;economia circular de la Uni\u00f3 Europea. El [&hellip;]<\/p>\n","protected":false},"author":1,"featured_media":53788,"comment_status":"closed","ping_status":"open","sticky":false,"template":"","format":"standard","meta":{"inline_featured_image":false,"_exactmetrics_skip_tracking":false,"_exactmetrics_sitenote_active":false,"_exactmetrics_sitenote_note":"","_exactmetrics_sitenote_category":0,"footnotes":""},"categories":[7],"tags":[],"class_list":["post-53790","post","type-post","status-publish","format-standard","has-post-thumbnail","hentry","category-uncategorized-ca","entry"],"_links":{"self":[{"href":"https:\/\/econia.net\/ca\/wp-json\/wp\/v2\/posts\/53790","targetHints":{"allow":["GET"]}}],"collection":[{"href":"https:\/\/econia.net\/ca\/wp-json\/wp\/v2\/posts"}],"about":[{"href":"https:\/\/econia.net\/ca\/wp-json\/wp\/v2\/types\/post"}],"author":[{"embeddable":true,"href":"https:\/\/econia.net\/ca\/wp-json\/wp\/v2\/users\/1"}],"replies":[{"embeddable":true,"href":"https:\/\/econia.net\/ca\/wp-json\/wp\/v2\/comments?post=53790"}],"version-history":[{"count":2,"href":"https:\/\/econia.net\/ca\/wp-json\/wp\/v2\/posts\/53790\/revisions"}],"predecessor-version":[{"id":53792,"href":"https:\/\/econia.net\/ca\/wp-json\/wp\/v2\/posts\/53790\/revisions\/53792"}],"wp:featuredmedia":[{"embeddable":true,"href":"https:\/\/econia.net\/ca\/wp-json\/wp\/v2\/media\/53788"}],"wp:attachment":[{"href":"https:\/\/econia.net\/ca\/wp-json\/wp\/v2\/media?parent=53790"}],"wp:term":[{"taxonomy":"category","embeddable":true,"href":"https:\/\/econia.net\/ca\/wp-json\/wp\/v2\/categories?post=53790"},{"taxonomy":"post_tag","embeddable":true,"href":"https:\/\/econia.net\/ca\/wp-json\/wp\/v2\/tags?post=53790"}],"curies":[{"name":"wp","href":"https:\/\/api.w.org\/{rel}","templated":true}]}}