{"id":53780,"date":"2020-06-19T08:10:34","date_gmt":"2020-06-19T08:10:34","guid":{"rendered":"https:\/\/econia.net\/publicado-el-real-decreto-de-traslado-de-residuos\/"},"modified":"2026-03-14T13:39:41","modified_gmt":"2026-03-14T11:39:41","slug":"publicat-el-reial-decret-de-trasllat-de-residus","status":"publish","type":"post","link":"https:\/\/econia.net\/ca\/publicat-el-reial-decret-de-trasllat-de-residus\/","title":{"rendered":"Publicat el Reial Decret de trasllat de residus"},"content":{"rendered":"<p><span style=\"font-weight: 400;\">En data 19.06.2020, s&#8217;ha publicat al BOE el <a href=\"https:\/\/www.boe.es\/boe\/dias\/2020\/06\/19\/pdfs\/BOE-A-2020-6422.pdf\" target=\"_blank\" rel=\"noopener noreferrer nofollow\">Reial Decret de trasllat de residus<\/a> (RD 553\/2020), el qual especifica alguns aspectes del procediment establert en l&#8217;anterior Reial decret 180\/2015 i garanteix una coher\u00e8ncia amb la reglamentaci\u00f3 europea. Amb aquesta nova normativa es busca <\/span><b>millorar la tra\u00e7abilitat dels trasllats des del lloc d&#8217;origen del residu fins a la destinaci\u00f3 final, assegurant un correcte tractament d&#8217;aquest.<\/b><span style=\"font-weight: 400;\"> Aix\u00ed mateix, aclareix la tramitaci\u00f3 electr\u00f2nica i facilita la vigil\u00e0ncia i el control dels trasllats per part de les autoritats competents.<\/span><\/p>\n<p><span style=\"font-weight: 400;\">Dos aspectes principals han propiciat aquesta nova legislaci\u00f3: En primer lloc, la Comissi\u00f3 Europea havia recomanat millorar els instruments d&#8217;informaci\u00f3 i tra\u00e7abilitat de la gesti\u00f3 dels residus. En segon lloc, la Fiscalia de Medi Ambient havia realitzat peticions d&#8217;informaci\u00f3 relacionades amb accidents en instal\u00b7lacions de tractament de residus.<\/span><\/p>\n<p><span style=\"font-weight: 400;\">Aquest nou reial decret estableix un marc normatiu complementari amb l&#8217;avantprojecte de Llei residus i s\u00f2ls contaminats (actualment en per\u00edode d&#8217;exposici\u00f3 p\u00fablica) en garantir la tra\u00e7abilitat del residu davant la possible extensi\u00f3 de la responsabilitat del productor del residu fins al tractament final. Tamb\u00e9 realitza una labor complement\u00e0ria amb la definici\u00f3 del tractament intermedi i amb el desglossament de les operacions de tractament, incloses en els annexos II i III d&#8217;aquest avantprojecte.<\/span><\/p>\n<p><span style=\"font-weight: 400;\">Alguns dels punts m\u00e9s rellevants:<\/span><\/p>\n<ul>\n<li><b>S&#8217;aplica als trasllats de residus entre Comunitats Aut\u00f2nomes<\/b><span style=\"font-weight: 400;\">, amb l&#8217;excepci\u00f3 del transport de residus produ\u00efts en les activitats de manteniment i instal\u00b7laci\u00f3 fins a les seves instal\u00b7lacions, log\u00edstica inversa i de particulars fins a punts nets.<\/span><\/li>\n<li><b>Defineix amb major precisi\u00f3 a l&#8217;\u201coperador del residu\u201d <\/b><span style=\"font-weight: 400;\">que, per regla general, ser\u00e0 el productor dels residus i inclou el cas del nou productor del residu.<\/span><\/li>\n<li><b>Detalla el repositori de trasllats<\/b><span style=\"font-weight: 400;\"> com a lloc \u00fanic i compartit en el qual s&#8217;emmagatzemen totes les notificacions pr\u00e8vies i documents d&#8217;identificaci\u00f3.<\/span><\/li>\n<li><span style=\"font-weight: 400;\">Com a requisits generals, amb car\u00e0cter previ haur\u00e0 de disposar-se d&#8217;un <\/span><b>contracte de tractament i els residus hauran d&#8217;anar acompanyats del document d&#8217;identificaci\u00f3 durant el trasllat<\/b><span style=\"font-weight: 400;\">.<\/span><\/li>\n<li><span style=\"font-weight: 400;\">Respecte al document d&#8217;identificaci\u00f3, en els casos que es requereixi notificaci\u00f3 pr\u00e8via aquest es remetr\u00e0 a l&#8217;inici del trasllat, la qual cosa permetr\u00e0 a les Comunitats Aut\u00f2nomes con\u00e8ixer quan tindr\u00e0 lloc el trasllat dels residus i quan va tenir lloc l&#8217;entrada en la instal\u00b7laci\u00f3 de dest\u00ed.<\/span><\/li>\n<li><span style=\"font-weight: 400;\">El reial decret estableix que <\/span><b>la notificaci\u00f3 pr\u00e8via de trasllat de residus ha de contenir informaci\u00f3 sobre les operacions de tractament posteriors<\/b><span style=\"font-weight: 400;\">, fins i tot quan el dest\u00ed sigui una operaci\u00f3 de tractament interm\u00e8dia D13, D14 o R12.<\/span><\/li>\n<li><b>Limita a dos emmagatzematges successius D15 o R13<\/b><span style=\"font-weight: 400;\"> per a evitar que es perdi la tra\u00e7abilitat del proc\u00e9s, de manera que, despr\u00e9s de l&#8217;operaci\u00f3 d&#8217;emmagatzematge nom\u00e9s es podr\u00e0 destinar el residu a una instal\u00b7laci\u00f3 de valoritzaci\u00f3 o eliminaci\u00f3.<\/span><\/li>\n<\/ul>\n<p>Tot el document en aquest <a href=\"https:\/\/www.boe.es\/boe\/dias\/2020\/06\/19\/pdfs\/BOE-A-2020-6422.pdf\" target=\"_blank\" rel=\"noopener noreferrer nofollow\">enlla\u00e7<\/a>.<\/p>\n","protected":false},"excerpt":{"rendered":"<p>En data 19.06.2020, s&#8217;ha publicat al BOE el Reial Decret de trasllat de residus (RD 553\/2020), el qual especifica alguns aspectes del procediment establert en l&#8217;anterior Reial decret 180\/2015 i garanteix una coher\u00e8ncia amb la reglamentaci\u00f3 europea. Amb aquesta nova normativa es busca millorar la tra\u00e7abilitat dels trasllats des del lloc d&#8217;origen del residu fins [&hellip;]<\/p>\n","protected":false},"author":1,"featured_media":53777,"comment_status":"closed","ping_status":"open","sticky":false,"template":"","format":"standard","meta":{"inline_featured_image":false,"_exactmetrics_skip_tracking":false,"_exactmetrics_sitenote_active":false,"_exactmetrics_sitenote_note":"","_exactmetrics_sitenote_category":0,"footnotes":""},"categories":[7],"tags":[],"class_list":["post-53780","post","type-post","status-publish","format-standard","has-post-thumbnail","hentry","category-uncategorized-ca","entry"],"_links":{"self":[{"href":"https:\/\/econia.net\/ca\/wp-json\/wp\/v2\/posts\/53780","targetHints":{"allow":["GET"]}}],"collection":[{"href":"https:\/\/econia.net\/ca\/wp-json\/wp\/v2\/posts"}],"about":[{"href":"https:\/\/econia.net\/ca\/wp-json\/wp\/v2\/types\/post"}],"author":[{"embeddable":true,"href":"https:\/\/econia.net\/ca\/wp-json\/wp\/v2\/users\/1"}],"replies":[{"embeddable":true,"href":"https:\/\/econia.net\/ca\/wp-json\/wp\/v2\/comments?post=53780"}],"version-history":[{"count":5,"href":"https:\/\/econia.net\/ca\/wp-json\/wp\/v2\/posts\/53780\/revisions"}],"predecessor-version":[{"id":53785,"href":"https:\/\/econia.net\/ca\/wp-json\/wp\/v2\/posts\/53780\/revisions\/53785"}],"wp:featuredmedia":[{"embeddable":true,"href":"https:\/\/econia.net\/ca\/wp-json\/wp\/v2\/media\/53777"}],"wp:attachment":[{"href":"https:\/\/econia.net\/ca\/wp-json\/wp\/v2\/media?parent=53780"}],"wp:term":[{"taxonomy":"category","embeddable":true,"href":"https:\/\/econia.net\/ca\/wp-json\/wp\/v2\/categories?post=53780"},{"taxonomy":"post_tag","embeddable":true,"href":"https:\/\/econia.net\/ca\/wp-json\/wp\/v2\/tags?post=53780"}],"curies":[{"name":"wp","href":"https:\/\/api.w.org\/{rel}","templated":true}]}}