{"id":53758,"date":"2020-06-03T08:25:12","date_gmt":"2020-06-03T08:25:12","guid":{"rendered":"https:\/\/econia.net\/el-gobierno-aprueba-la-estrategia-espanola-de-economia-circular\/"},"modified":"2026-03-14T13:39:41","modified_gmt":"2026-03-14T11:39:41","slug":"el-govern-aprova-lestrategia-espanyola-deconomia-circular","status":"publish","type":"post","link":"https:\/\/econia.net\/ca\/el-govern-aprova-lestrategia-espanyola-deconomia-circular\/","title":{"rendered":"El Govern aprova l&#8217;Estrat\u00e8gia Espanyola d&#8217;Economia Circular"},"content":{"rendered":"<ul>\n<li><strong>L&#8217;Estrat\u00e8gia, denominada \u201cEspa\u00f1a Circular 2030\u201d, marca objectius per a aquesta d\u00e8cada que permetran reduir en un 30% el consum nacional de materials i retallar un 15% la generaci\u00f3 de residus respecte a 2010.<\/strong><\/li>\n<li><strong>Contribueix als esfor\u00e7os d&#8217;Espanya per aconseguir una economia sostenible, descarbonitzada, eficient en l&#8217;\u00fas dels recursos i competitiva.<\/strong><\/li>\n<li><strong>&#8216;Espa\u00f1a Circular 2030\u2019 es materialitzar\u00e0 a trav\u00e9s de successius plans d&#8217;acci\u00f3 triennals, que recolliran les mesures concretes per implementar actuacions en economia circular.<\/strong><\/li>\n<\/ul>\n<p>El Consell de Ministres ha donat llum verda a l&#8217;Estrat\u00e8gia Espanyola d&#8217;Economia Circular (EEEC) \u2015\u201dEspa\u00f1a Circular 2030\u201d\u2015, que estableix les bases per a superar l&#8217;economia lineal i impulsar un nou model de producci\u00f3 i consum en el qual el valor de productes, materials i recursos es mantinguin en l&#8217;economia durant el major temps possible; en el qual es minimitzi la generaci\u00f3 de residus i s&#8217;aprofitin al m\u00e0xim aquells la generaci\u00f3 dels quals no s&#8217;hagi pogut evitar. \u201cEspa\u00f1a Circular 2030\u201d marca objectius per a aquesta d\u00e8cada que permetran, entre altres, reduir en un 30% el consum nacional de materials, millorar un 10% l&#8217;efici\u00e8ncia en l&#8217;\u00fas de l&#8217;aigua i retallar un 15% la generaci\u00f3 de residus respecte a 2010, la qual cosa possibilitar\u00e0 situar les emissions de gasos d&#8217;efecte d&#8217;hivernacle del sector residus per sota dels 10 milions de tones en 2030.<\/p>\n<p>La seva execuci\u00f3 es materialitzar\u00e0 a trav\u00e9s de successius plans d&#8217;acci\u00f3 triennals, que recolliran les mesures concretes a desenvolupar per l&#8217;Administraci\u00f3 General de l&#8217;Estat per a implementar actuacions en economia circular a Espanya. El primer d&#8217;ells ser\u00e0 presentat a finals de 2020 i abastar\u00e0 el per\u00edode 2021-2023. L&#8217;estrat\u00e8gia \u00e9s un dels elements clau del Marc d&#8217;Economia Circular, un dels projectes del Govern que pret\u00e9n ser palanca per a la recuperaci\u00f3 econ\u00f2mica despr\u00e9s de la crisi sanit\u00e0ria del COVID-19. Al costat d&#8217;ella, l&#8217;Executiu ha aprovat avui l&#8217;avantprojecte de Llei de Residus i S\u00f2ls Contaminats que abordar\u00e0 tamb\u00e9 el repte dels pl\u00e0stics d&#8217;un sol \u00fas, i un reial decret que millora la tra\u00e7abilitat i el control dels trasllats de residus.<\/p>\n<p>A nivell nacional, l&#8217;adopci\u00f3 de la EEEC estava prevista en la Declaraci\u00f3 d&#8217;Emerg\u00e8ncia Clim\u00e0tica i ambiental aprovada al gener de 2020, que la inclou entre les l\u00ednies priorit\u00e0ries d&#8217;actuaci\u00f3, i \u00e9s coherent amb el projecte de Llei de Canvi Clim\u00e0tic i Transici\u00f3 Energ\u00e8tica, que fixa un objectiu d&#8217;aconseguir la neutralitat clim\u00e0tica a tot tardar en 2050.<\/p>\n<p>A m\u00e9s, entronca amb les principals iniciatives internacionals en mat\u00e8ria ambiental, com l&#8217;Agenda 2030 per al desenvolupament sostenible o l&#8217;Acord de Par\u00eds sobre el canvi clim\u00e0tic, aix\u00ed com amb els postulats del Pacte Verd Europeu i dels dos Plans d&#8217;Acci\u00f3 de la Comissi\u00f3 Europea en aquesta mat\u00e8ria.<\/p>\n<p><strong>L&#8217;estrat\u00e8gia contribueix aix\u00ed als esfor\u00e7os d&#8217;Espanya per aconseguir una economia sostenible<\/strong>, descarbonitzada, neta i eficient en l&#8217;\u00fas dels recursos i competitiva. Un enfocament conseq\u00fcent amb fer possible una transici\u00f3 justa i solid\u00e0ria cap a un nou model que promogui la protecci\u00f3 del medi ambient i la transformaci\u00f3 del sistema productiu i, al mateix temps, el progr\u00e9s, el benestar social i la igualtat de g\u00e8nere.<\/p>\n<p>La consecuci\u00f3 del repte d&#8217;aconseguir la transici\u00f3 cap a l&#8217;economia circular requereix de la col\u00b7laboraci\u00f3, participaci\u00f3 i implicaci\u00f3 de tota la societat, no nom\u00e9s de les Administracions P\u00fabliques sin\u00f3 tamb\u00e9 de tots els sectors econ\u00f2mics \u2015fabricaci\u00f3, producci\u00f3, distribuci\u00f3 i gesti\u00f3 de residus\u2015, que han d&#8217;incorporar la innovaci\u00f3 com a element clau per a la consecuci\u00f3 dels objectius proposats. A m\u00e9s, l&#8217;Estrat\u00e8gia preveu que juguin un paper central els agents socials i, molt especialment, els consumidors i ciutadans, les decisions de compra dels quals de productes, aix\u00ed com el seu comprom\u00eds amb la separaci\u00f3 de residus, s\u00f3n fonamentals.<\/p>\n<p><strong>OBJECTIUS<\/strong><br \/>\nS&#8217;estima que el nostre pa\u00eds necessita m\u00e9s de dues vegades i mitja la seva superf\u00edcie per a proveir les necessitats de la nostra economia. A m\u00e9s dels impactes ambientals que aix\u00f2 comporta, les dades demostren la inefici\u00e8ncia del model i la depend\u00e8ncia agreujada de l&#8217;exterior, que fan a la nostra economia m\u00e9s dependent i vulnerable i menys competitiva.<br \/>\nEspanya Circular 2020 marca els seg\u00fcents objectius per a l&#8217;any 2030:<\/p>\n<p>\u2022 Reduir en un 30% el consum nacional de materials en relaci\u00f3 amb el PIB, prenent com a any de refer\u00e8ncia el 2010.<br \/>\n\u2022 Disminuir la generaci\u00f3 de residus un 15% respecte del generat en 2010.<br \/>\n\u2022 Reduir la generaci\u00f3 residus d&#8217;aliments en tota cadena aliment\u00e0ria: 50% de reducci\u00f3 per c\u00e0pita a nivell de llar i consum minorista i un 20% en les cadenes de producci\u00f3 i subministrament a partir de l&#8217;any 2020, contribuint aix\u00ed als Objectius de Desenvolupament Sostenible (ODS).<br \/>\n\u2022 Incrementar la reutilitzaci\u00f3 i preparaci\u00f3 per a la reutilitzaci\u00f3 fins a arribar al 10% dels residus municipals generats.<br \/>\n\u2022 Millorar un 10% l&#8217;efici\u00e8ncia en l&#8217;\u00fas de l&#8217;aigua.<br \/>\n\u2022 Reduir l&#8217;emissi\u00f3 de gasos d&#8217;efecte d&#8217;hivernacle per sota dels 10 milions de tones de CO2 equivalent.<\/p>\n<p><strong>SECTORS<\/strong><br \/>\nEncara que l&#8217;Estrat\u00e8gia d&#8217;Economia Circular est\u00e0 dotada d&#8217;un car\u00e0cter transversal, identifica sis sectors prioritaris: construcci\u00f3, agroalimentari, pesquer i forestal, industrial, b\u00e9ns de consum, turisme i sector t\u00e8xtil i confecci\u00f3. En particular, \u00e9s fonamental aprofitar les oportunitats que ofereix l&#8217;economia circular per a desenvolupar una ind\u00fastria espanyola centrada en el reciclatge.<\/p>\n<p>En aquest marc el repte \u00e9s preparar el mercat de treball per a la transici\u00f3 a una economia circular i baixa en emissions, tant des de la perspectiva dels treballadors, adaptant les seves capacitats i habilitats a les noves demandes del mercat a trav\u00e9s de les pol\u00edtiques actives del mercat de treball, com des de la perspectiva de les empreses i Administracions P\u00fabliques, adaptant la cultura empresarial als principis de la responsabilitat social empresarial, i garantint les condicions de seguretat i salut en els llocs de treball afectats pel canvi a l&#8217;economia circular.<\/p>\n<p>A m\u00e9s, ha de fer-se de manera que permeti a les empreses ser eficients sense inc\u00f3rrer en c\u00e0rregues excessives, millorant la seva productivitat, capacitat de contractar, les seves inversions i les seves oportunitats d&#8217;internacionalitzaci\u00f3.<\/p>\n<p><strong>PRINCIPIS, L\u00cdNIES D&#8217;ACTUACI\u00d3 I POL\u00cdTIQUES PER Al CANVI<\/strong><br \/>\nEls principis generals que inspiren aquesta Estrat\u00e8gia s\u00f3n: protecci\u00f3 i millora del medi ambient; acci\u00f3 preventiva; descarbonitzaci\u00f3 de l&#8217;economia; el principi de \u201cqui contamina paga\u201d; protecci\u00f3 de la salut; racionalitzaci\u00f3 i efici\u00e8ncia; cooperaci\u00f3 i coordinaci\u00f3 entre les Administracions P\u00fabliques; participaci\u00f3 p\u00fablica; desenvolupament sostenible, solidaritat entre persones i territoris; integraci\u00f3 dels aspectes ambientals en la presa de decisions; millora de la competitivitat de l&#8217;economia i generaci\u00f3 d&#8217;ocupaci\u00f3 de qualitat.<\/p>\n<p>Tenint en compte aquests principis, s&#8217;estableixen vuit l\u00ednies principals d&#8217;actuaci\u00f3 sobre els quals es focalitzaran les pol\u00edtiques i instruments de l&#8217;Estrat\u00e8gia d&#8217;Economia Circular i els seus corresponents plans d&#8217;actuaci\u00f3. Cinc d&#8217;elles relacionades amb el tancament del cercle: producci\u00f3, consum, gesti\u00f3 de residus, mat\u00e8ries primeres secund\u00e0ries, i reutilitzaci\u00f3 de l&#8217;aigua. I les tres restants, amb car\u00e0cter transversal: Sensibilitzaci\u00f3 i participaci\u00f3, Recerca, innovaci\u00f3 i competitivitat, i Ocupaci\u00f3 i formaci\u00f3.<\/p>\n<p>Espa\u00f1a Circular 2030 assenyala, com a pol\u00edtiques clau per a avan\u00e7ar en economia circular, la pol\u00edtica econ\u00f2mica, de fiscalitat, ocupaci\u00f3, I+D+i, de consum, la pol\u00edtica industrial, de l&#8217;aigua, agr\u00e0ria i de desenvolupament d&#8217;\u00e0rees rurals.<\/p>\n<p><strong>MODEL ORGANITZATIU<\/strong><br \/>\nL&#8217;enfocament multidisciplinari i inclusiu de l&#8217;Estrat\u00e8gia requereix incorporar la perspectiva de les diferents Administracions i unitats perqu\u00e8 mantingui una visi\u00f3 completa i transversal en les pol\u00edtiques sectorials implicades aix\u00ed com dels agents socials i econ\u00f2mics. D&#8217;aquesta manera, la EEEC planteja un model organitzatiu conformat per diversos comit\u00e8s:<\/p>\n<p>Una Comissi\u00f3 Interministerial d&#8217;Economia Circular, amb representants dels ministeris afectats, a la qual li correspondr\u00e0 avaluar i fer les propostes sobre les pol\u00edtiques i mesures a incorporar en les pol\u00edtiques sectorials, aix\u00ed com realitzar el seguiment i avaluaci\u00f3 dels successius plans d&#8217;acci\u00f3 en mat\u00e8ria d&#8217;economia circular, i en definitiva de l&#8217;Estrat\u00e8gia; un grup de trebal de la Comissi\u00f3 de coordinaci\u00f3 en mat\u00e8ria de residus, amb representants auton\u00f2mics i locals, com a administracions amb potestat per a completar la legislaci\u00f3 b\u00e0sica i executar tals mesures; i un Consell d&#8217;Economia Circular, com a espai de col\u00b7laboraci\u00f3 p\u00fablic-privada amb tots els agents econ\u00f2mics i socials i altres sectors implicats en el canvi de model.<\/p>\n<p>La EEEC recull tamb\u00e9 un conjunt d&#8217;indicadors per avaluar el seu grau d&#8217;implantaci\u00f3, que es corresponen amb els adoptats a nivell europeu, at\u00e8s que ser\u00e0 el marc amb el qual es pot comparar el nostre avan\u00e7 respecte a la resta d&#8217;Estats membres, al qual s&#8217;afegeix la contribuci\u00f3 del sector residus a la reducci\u00f3 d&#8217;emissions de gasos d&#8217;efecte d&#8217;hivernacle.<\/p>\n<p>En definitiva, Espa\u00f1a Circular 2030 es configura com un document marc que permetr\u00e0 al nostre pa\u00eds avan\u00e7ar cap a una economia circular a trav\u00e9s de la posada en marxa de diferents plans d&#8217;acci\u00f3. Aix\u00f2 permetr\u00e0 que, conforme es vagin executant les diferents accions, es vagin avaluant els seus efectes i, en el seu cas, es puguin realitzar els ajustos necessaris per a aconseguir els objectius previstos tant en els plans d&#8217;acci\u00f3 com, en definitiva, en l&#8217;Estrat\u00e8gia per a 2030.<\/p>\n<p>Font: eco-circular.com<\/p>\n","protected":false},"excerpt":{"rendered":"<p>L&#8217;Estrat\u00e8gia, denominada \u201cEspa\u00f1a Circular 2030\u201d, marca objectius per a aquesta d\u00e8cada que permetran reduir en un 30% el consum nacional de materials i retallar un 15% la generaci\u00f3 de residus respecte a 2010. Contribueix als esfor\u00e7os d&#8217;Espanya per aconseguir una economia sostenible, descarbonitzada, eficient en l&#8217;\u00fas dels recursos i competitiva. &#8216;Espa\u00f1a Circular 2030\u2019 es materialitzar\u00e0 [&hellip;]<\/p>\n","protected":false},"author":1,"featured_media":53756,"comment_status":"closed","ping_status":"open","sticky":false,"template":"","format":"standard","meta":{"inline_featured_image":false,"_exactmetrics_skip_tracking":false,"_exactmetrics_sitenote_active":false,"_exactmetrics_sitenote_note":"","_exactmetrics_sitenote_category":0,"footnotes":""},"categories":[82],"tags":[],"class_list":["post-53758","post","type-post","status-publish","format-standard","has-post-thumbnail","hentry","category-economia-circular-ca","entry"],"_links":{"self":[{"href":"https:\/\/econia.net\/ca\/wp-json\/wp\/v2\/posts\/53758","targetHints":{"allow":["GET"]}}],"collection":[{"href":"https:\/\/econia.net\/ca\/wp-json\/wp\/v2\/posts"}],"about":[{"href":"https:\/\/econia.net\/ca\/wp-json\/wp\/v2\/types\/post"}],"author":[{"embeddable":true,"href":"https:\/\/econia.net\/ca\/wp-json\/wp\/v2\/users\/1"}],"replies":[{"embeddable":true,"href":"https:\/\/econia.net\/ca\/wp-json\/wp\/v2\/comments?post=53758"}],"version-history":[{"count":7,"href":"https:\/\/econia.net\/ca\/wp-json\/wp\/v2\/posts\/53758\/revisions"}],"predecessor-version":[{"id":53765,"href":"https:\/\/econia.net\/ca\/wp-json\/wp\/v2\/posts\/53758\/revisions\/53765"}],"wp:featuredmedia":[{"embeddable":true,"href":"https:\/\/econia.net\/ca\/wp-json\/wp\/v2\/media\/53756"}],"wp:attachment":[{"href":"https:\/\/econia.net\/ca\/wp-json\/wp\/v2\/media?parent=53758"}],"wp:term":[{"taxonomy":"category","embeddable":true,"href":"https:\/\/econia.net\/ca\/wp-json\/wp\/v2\/categories?post=53758"},{"taxonomy":"post_tag","embeddable":true,"href":"https:\/\/econia.net\/ca\/wp-json\/wp\/v2\/tags?post=53758"}],"curies":[{"name":"wp","href":"https:\/\/api.w.org\/{rel}","templated":true}]}}