{"id":53720,"date":"2020-04-20T07:57:09","date_gmt":"2020-04-20T07:57:09","guid":{"rendered":"https:\/\/econia.net\/consulta-publica-previa-del-proyecto-de-rd-de-envases-y-residuos-de-envases-y-residuos-de-envases\/"},"modified":"2026-03-14T13:39:59","modified_gmt":"2026-03-14T11:39:59","slug":"consulta-publica-previa-del-projecte-de-reial-decret-denvasos-i-residus-denvasos","status":"publish","type":"post","link":"https:\/\/econia.net\/ca\/consulta-publica-previa-del-projecte-de-reial-decret-denvasos-i-residus-denvasos\/","title":{"rendered":"Consulta p\u00fablica pr\u00e8via del Projecte de Reial Decret d&#8217;envasos i residus d&#8217;envasos"},"content":{"rendered":"<p>Amb l&#8217;objectiu de traslladar la Directiva (UE) 2018\/852, per la qual es modifica la Directiva 94\/62 \/ CE, i l&#8217;aplicaci\u00f3 dels preceptes de la Directiva (UE) 2019\/904, referits als envasos de pl\u00e0stics d&#8217;un sol \u00fas, el Ministeri per a la Transici\u00f3 Ecol\u00f2gica i el Repte Demogr\u00e0fic (MITERD) sotmet a consulta p\u00fablica el <a href=\"https:\/\/www.miteco.gob.es\/es\/calidad-y-evaluacion-ambiental\/participacion-publica\/Residuos-2020%20Proyecto%20de%20RD%20de%20envases%20y%20residuos%20de%20envases.aspx\" rel=\"nofollow noopener\" target=\"_blank\"><strong>Projecte de Reial Decret d&#8217;envasos i residus d&#8217;envasos<\/strong><\/a> fins al proper 26 de maig.<\/p>\n<p>S&#8217;aprofitar\u00e0 a m\u00e9s aquest tr\u00e0mit per revisar en profunditat tota la normativa d&#8217;envasos i residus d&#8217;envasos, i adoptant les mesures necess\u00e0ries per complir amb els nous reptes, entre els quals:<\/p>\n<ul>\n<li>El foment de l&#8217;\u00fas d&#8217;envasos reutilitzables i sistemes per a la seva reutilitzaci\u00f3 de manera respectuosa amb el medi ambient, i sense comprometre la higiene dels aliments, ni la seguretat dels consumidors.<\/li>\n<li>Cerca mesures espec\u00edfiques per aconseguir els nous objectius de reciclatge de l&#8217;65% en pes de tots els residus d&#8217;envasos el 2025, i de l&#8217;70% el 2030.<\/li>\n<li>Incrementar la col\u00b7laboraci\u00f3 ciutadana en la recollida separada de residus d&#8217;envasos.<\/li>\n<li>Com oferir major transpar\u00e8ncia en la informaci\u00f3 en mat\u00e8ria d&#8217;envasos.<\/li>\n<li>Es q\u00fcestiona la necessitat o no de diferenciar les obligacions dels sistemes de responsabilitat ampliada de l&#8217;productor (RAP) per als envasos industrials, respecte dels comercials, i en quina mesura.<\/li>\n<li>Com abordar la incorporaci\u00f3 de les vendes a dist\u00e0ncia a les obligacions en mat\u00e8ria de RAP per a aquests envasos.<\/li>\n<li>Com millorar la informaci\u00f3 relativa a la posada en el mercat d&#8217;envasos i a la gesti\u00f3 dels residus d&#8217;envasos, i a trav\u00e9s de quins instruments.<\/li>\n<\/ul>\n","protected":false},"excerpt":{"rendered":"<p>Amb l&#8217;objectiu de traslladar la Directiva (UE) 2018\/852, per la qual es modifica la Directiva 94\/62 \/ CE, i l&#8217;aplicaci\u00f3 dels preceptes de la Directiva (UE) 2019\/904, referits als envasos de pl\u00e0stics d&#8217;un sol \u00fas, el Ministeri per a la Transici\u00f3 Ecol\u00f2gica i el Repte Demogr\u00e0fic (MITERD) sotmet a consulta p\u00fablica el Projecte de Reial [&hellip;]<\/p>\n","protected":false},"author":1,"featured_media":53718,"comment_status":"closed","ping_status":"open","sticky":false,"template":"","format":"standard","meta":{"inline_featured_image":false,"_exactmetrics_skip_tracking":false,"_exactmetrics_sitenote_active":false,"_exactmetrics_sitenote_note":"","_exactmetrics_sitenote_category":0,"footnotes":""},"categories":[7],"tags":[],"class_list":["post-53720","post","type-post","status-publish","format-standard","has-post-thumbnail","hentry","category-uncategorized-ca","entry"],"_links":{"self":[{"href":"https:\/\/econia.net\/ca\/wp-json\/wp\/v2\/posts\/53720","targetHints":{"allow":["GET"]}}],"collection":[{"href":"https:\/\/econia.net\/ca\/wp-json\/wp\/v2\/posts"}],"about":[{"href":"https:\/\/econia.net\/ca\/wp-json\/wp\/v2\/types\/post"}],"author":[{"embeddable":true,"href":"https:\/\/econia.net\/ca\/wp-json\/wp\/v2\/users\/1"}],"replies":[{"embeddable":true,"href":"https:\/\/econia.net\/ca\/wp-json\/wp\/v2\/comments?post=53720"}],"version-history":[{"count":3,"href":"https:\/\/econia.net\/ca\/wp-json\/wp\/v2\/posts\/53720\/revisions"}],"predecessor-version":[{"id":53724,"href":"https:\/\/econia.net\/ca\/wp-json\/wp\/v2\/posts\/53720\/revisions\/53724"}],"wp:featuredmedia":[{"embeddable":true,"href":"https:\/\/econia.net\/ca\/wp-json\/wp\/v2\/media\/53718"}],"wp:attachment":[{"href":"https:\/\/econia.net\/ca\/wp-json\/wp\/v2\/media?parent=53720"}],"wp:term":[{"taxonomy":"category","embeddable":true,"href":"https:\/\/econia.net\/ca\/wp-json\/wp\/v2\/categories?post=53720"},{"taxonomy":"post_tag","embeddable":true,"href":"https:\/\/econia.net\/ca\/wp-json\/wp\/v2\/tags?post=53720"}],"curies":[{"name":"wp","href":"https:\/\/api.w.org\/{rel}","templated":true}]}}