{"id":53616,"date":"2020-01-17T07:56:13","date_gmt":"2020-01-17T07:56:13","guid":{"rendered":"https:\/\/econia.net\/?p=53616"},"modified":"2026-03-14T13:40:03","modified_gmt":"2026-03-14T11:40:03","slug":"la-cecot-aposta-pel-reciclatge-del-plastic-en-lautomocio","status":"publish","type":"post","link":"https:\/\/econia.net\/ca\/la-cecot-aposta-pel-reciclatge-del-plastic-en-lautomocio\/","title":{"rendered":"La CECOT aposta pel reciclatge del pl\u00e0stic en l\u2019automoci\u00f3"},"content":{"rendered":"<p>Empreses del sector de l\u2019automoci\u00f3 s\u2019apropen a la producci\u00f3 sostenible i l\u2019economia circular del sector del pl\u00e0stic, a trav\u00e9s d\u2019una jornada de treball organitzada per la CECOT. A la trobada d\u2019intercanvi s\u2019han conegut casos d\u2019empreses que ja treballen en el reaprofitament del pl\u00e0stic, reciclant-lo amb un nou disseny i donant-li un nou \u00fas.<\/p>\n<p>La CECOT ha fet una selecci\u00f3 pr\u00e8via de les empreses en funci\u00f3 del seu potencial per impulsar iniciatives de reaprofitament. A la jornada s\u2019han mostrat dissenys de peces que ja han entrat en els processos de producci\u00f3 aix\u00ed com les noves tend\u00e8ncies en tecnologies de recollida i reciclatge. La CECOT ja treballa en una nova jornada sobre el reciclatge en el sector t\u00e8xtil. El curs forma part de l\u2019estrat\u00e8gia mediambiental de la patronal perqu\u00e8 les empreses arribin a objectius de desenvolupament sostenible, utilitzin els recursos amb m\u00e9s efic\u00e0cia i contribuir en la reducci\u00f3 del canvi clim\u00e0tic.<\/p>\n<p>Trobareu m\u00e9s informaci\u00f3 al respecte en aquesta <a href=\"https:\/\/terrassadigital.cat\/la-cecot-aposta-pel-reciclatge-del-plastic-en-lautomocio\/\" target=\"_blank\" rel=\"noopener nofollow\">not\u00edcia<\/a> de terrassadigital.cat.<\/p>\n","protected":false},"excerpt":{"rendered":"<p>Empreses del sector de l\u2019automoci\u00f3 s\u2019apropen a la producci\u00f3 sostenible i l\u2019economia circular del sector del pl\u00e0stic, a trav\u00e9s d\u2019una jornada de treball organitzada per la CECOT. A la trobada d\u2019intercanvi s\u2019han conegut casos d\u2019empreses que ja treballen en el reaprofitament del pl\u00e0stic, reciclant-lo amb un nou disseny i donant-li un nou \u00fas. La CECOT [&hellip;]<\/p>\n","protected":false},"author":1,"featured_media":53617,"comment_status":"closed","ping_status":"open","sticky":false,"template":"","format":"standard","meta":{"inline_featured_image":false,"_exactmetrics_skip_tracking":false,"_exactmetrics_sitenote_active":false,"_exactmetrics_sitenote_note":"","_exactmetrics_sitenote_category":0,"footnotes":""},"categories":[7],"tags":[],"class_list":["post-53616","post","type-post","status-publish","format-standard","has-post-thumbnail","hentry","category-uncategorized-ca","entry"],"_links":{"self":[{"href":"https:\/\/econia.net\/ca\/wp-json\/wp\/v2\/posts\/53616","targetHints":{"allow":["GET"]}}],"collection":[{"href":"https:\/\/econia.net\/ca\/wp-json\/wp\/v2\/posts"}],"about":[{"href":"https:\/\/econia.net\/ca\/wp-json\/wp\/v2\/types\/post"}],"author":[{"embeddable":true,"href":"https:\/\/econia.net\/ca\/wp-json\/wp\/v2\/users\/1"}],"replies":[{"embeddable":true,"href":"https:\/\/econia.net\/ca\/wp-json\/wp\/v2\/comments?post=53616"}],"version-history":[{"count":1,"href":"https:\/\/econia.net\/ca\/wp-json\/wp\/v2\/posts\/53616\/revisions"}],"predecessor-version":[{"id":54985,"href":"https:\/\/econia.net\/ca\/wp-json\/wp\/v2\/posts\/53616\/revisions\/54985"}],"wp:featuredmedia":[{"embeddable":true,"href":"https:\/\/econia.net\/ca\/wp-json\/wp\/v2\/media\/53617"}],"wp:attachment":[{"href":"https:\/\/econia.net\/ca\/wp-json\/wp\/v2\/media?parent=53616"}],"wp:term":[{"taxonomy":"category","embeddable":true,"href":"https:\/\/econia.net\/ca\/wp-json\/wp\/v2\/categories?post=53616"},{"taxonomy":"post_tag","embeddable":true,"href":"https:\/\/econia.net\/ca\/wp-json\/wp\/v2\/tags?post=53616"}],"curies":[{"name":"wp","href":"https:\/\/api.w.org\/{rel}","templated":true}]}}