{"id":53583,"date":"2019-12-03T08:16:23","date_gmt":"2019-12-03T08:16:23","guid":{"rendered":"https:\/\/econia.net\/?p=53583"},"modified":"2026-03-14T13:40:25","modified_gmt":"2026-03-14T11:40:25","slug":"la-generalitat-obre-la-linia-dajuts-per-lestalvi-i-leficiencia-energetica-a-la-industria","status":"publish","type":"post","link":"https:\/\/econia.net\/ca\/la-generalitat-obre-la-linia-dajuts-per-lestalvi-i-leficiencia-energetica-a-la-industria\/","title":{"rendered":"La Generalitat obre la l\u00ednia d&#8217;ajuts per l&#8217;estalvi i l&#8217;efici\u00e8ncia energ\u00e8tica a la ind\u00fastria"},"content":{"rendered":"<ul>\n<li><strong>La l\u00ednia est\u00e0 dotada amb un pressupost de 48 milions d\u2019euros.<\/strong><\/li>\n<li><strong>Les sol\u00b7licituds es podran presentar fins que s\u2019exhaureixi el pressupost o fins al 31 de desembre de 2020.<\/strong><\/li>\n<\/ul>\n<p>El departament d\u2019Empresa i Coneixement, a trav\u00e9s de l\u2019Institut Catal\u00e0 d\u2019Energia (ICAEN), ha obert avui la l\u00ednia d\u2019ajuts per a l\u2019estalvi i l\u2019efici\u00e8ncia energ\u00e8tica a la ind\u00fastria, dotada amb 48 milions d\u2019euros. Aquests incentius tenen com a objectiu contribuir a la reducci\u00f3 dels consums d\u2019energia i de les emissions de CO2 derivats de l\u2019activitat industrial, que a Catalunya \u00e9s el segon sector consumidor d\u2019energia final (amb un 26% del total). A m\u00e9s, aquest tipus d\u2019actuacions tamb\u00e9 repercuteixen en una millora de la competitivitat de les empreses.<\/p>\n<p>La l\u00ednia d\u2019ajuts t\u00e9 com a destinat\u00e0ries tant les grans ind\u00fastries com les petites i mitjanes empreses, i s\u2019orientaran a incentivar dues tipologies d\u2019actuacions. Per un costat, s\u2019hi\u00a0 podran acollir aquelles actuacions destinades a millorar els processos industrials -ja sigui mitjan\u00e7ant la renovaci\u00f3 de maquin\u00e0ria per altra de nova m\u00e9s eficient o a trav\u00e9s de la transformaci\u00f3 del proc\u00e9s productiu- amb una inversi\u00f3 m\u00ednima de 75.000 euros. Per l\u2019altre, tamb\u00e9 s\u2019hi podran acollir aquelles empreses que apliquin sistemes de gesti\u00f3 energ\u00e8tica a les seves instal\u00b7lacions o als seus processos productius, amb una inversi\u00f3 m\u00ednima de 30.000 euros. L\u2019import m\u00e0xim d\u2019ajuts per projectes ser\u00e0 de 9 milions d\u2019euros en una mateixa ubicaci\u00f3 industrial.<\/p>\n<p>La convocat\u00f2ria \u00e9s reglada, \u00e9s a dir, s\u2019atorgaran els ajuts en funci\u00f3 de l\u2019ordre de presentaci\u00f3 de la sol\u00b7licituds, i estar\u00e0 oberta fins a la finalitzaci\u00f3 del pressupost o fins al 31 de desembre de 2020. Els recursos provenen del Fons Nacional d\u2019Efici\u00e8ncia Energ\u00e8tica, creat a inst\u00e0ncia de la Uni\u00f3 Europea i que a l\u2019Estat espanyol es dota a trav\u00e9s de l\u2019Instituto para la Diversificaci\u00f3n y el Ahorro Energ\u00e9tico (IDAE) amb aportacions de la tarifa energ\u00e8tica.<\/p>\n<p>La l\u00ednia d\u2019ajuts a la ind\u00fastria s\u2019inscriu en el paquet de mesures que la Generalitat de Catalunya ha posat en marxa per tal de fer front a l\u2019emerg\u00e8ncia clim\u00e0tica i incentivar la transici\u00f3 cap a un nou model energ\u00e8tic m\u00e9s net, sostenible i democr\u00e0tic. En aquest sentit, en els darrers mesos la Generalitat ha impulsat mesures per avan\u00e7ar tant en la descarbonitzaci\u00f3 dels diferents sectors d\u2019activitat com en la transformaci\u00f3 del mix de generaci\u00f3 el\u00e8ctrica a partir de la instal\u00b7laci\u00f3 d\u2019energies renovables, ja sigui en forma de noves centrals o de sistemes d\u2019autoconsum. A m\u00e9s, el Govern treballa en l\u2019elaboraci\u00f3 d\u2019un avantprojecte de Llei de la Transici\u00f3 Energ\u00e8tica per tal d\u2019establir els instruments per assolir un model energ\u00e8tic totalment descarbonitzat l\u2019any 2050.<\/p>\n","protected":false},"excerpt":{"rendered":"<p>La l\u00ednia est\u00e0 dotada amb un pressupost de 48 milions d\u2019euros. Les sol\u00b7licituds es podran presentar fins que s\u2019exhaureixi el pressupost o fins al 31 de desembre de 2020. El departament d\u2019Empresa i Coneixement, a trav\u00e9s de l\u2019Institut Catal\u00e0 d\u2019Energia (ICAEN), ha obert avui la l\u00ednia d\u2019ajuts per a l\u2019estalvi i l\u2019efici\u00e8ncia energ\u00e8tica a la [&hellip;]<\/p>\n","protected":false},"author":1,"featured_media":53584,"comment_status":"closed","ping_status":"open","sticky":false,"template":"","format":"standard","meta":{"inline_featured_image":false,"_exactmetrics_skip_tracking":false,"_exactmetrics_sitenote_active":false,"_exactmetrics_sitenote_note":"","_exactmetrics_sitenote_category":0,"footnotes":""},"categories":[7],"tags":[],"class_list":["post-53583","post","type-post","status-publish","format-standard","has-post-thumbnail","hentry","category-uncategorized-ca","entry"],"_links":{"self":[{"href":"https:\/\/econia.net\/ca\/wp-json\/wp\/v2\/posts\/53583","targetHints":{"allow":["GET"]}}],"collection":[{"href":"https:\/\/econia.net\/ca\/wp-json\/wp\/v2\/posts"}],"about":[{"href":"https:\/\/econia.net\/ca\/wp-json\/wp\/v2\/types\/post"}],"author":[{"embeddable":true,"href":"https:\/\/econia.net\/ca\/wp-json\/wp\/v2\/users\/1"}],"replies":[{"embeddable":true,"href":"https:\/\/econia.net\/ca\/wp-json\/wp\/v2\/comments?post=53583"}],"version-history":[{"count":1,"href":"https:\/\/econia.net\/ca\/wp-json\/wp\/v2\/posts\/53583\/revisions"}],"predecessor-version":[{"id":54989,"href":"https:\/\/econia.net\/ca\/wp-json\/wp\/v2\/posts\/53583\/revisions\/54989"}],"wp:featuredmedia":[{"embeddable":true,"href":"https:\/\/econia.net\/ca\/wp-json\/wp\/v2\/media\/53584"}],"wp:attachment":[{"href":"https:\/\/econia.net\/ca\/wp-json\/wp\/v2\/media?parent=53583"}],"wp:term":[{"taxonomy":"category","embeddable":true,"href":"https:\/\/econia.net\/ca\/wp-json\/wp\/v2\/categories?post=53583"},{"taxonomy":"post_tag","embeddable":true,"href":"https:\/\/econia.net\/ca\/wp-json\/wp\/v2\/tags?post=53583"}],"curies":[{"name":"wp","href":"https:\/\/api.w.org\/{rel}","templated":true}]}}