{"id":53307,"date":"2019-01-21T08:50:12","date_gmt":"2019-01-21T08:50:12","guid":{"rendered":"https:\/\/econia.net\/se-aprueba-el-reglamento-de-asignacion-gratuita-de-derechos-de-emision-para-el-periodo-2021-2030-que-sustituye-a-la-decision-211-278-ue\/"},"modified":"2026-03-14T13:41:04","modified_gmt":"2026-03-14T11:41:04","slug":"saprova-el-reglament-dassignacio-gratuita-de-drets-demissio-per-al-periode-2021-2030-que-substitueix-a-la-decisio-211-278-ue","status":"publish","type":"post","link":"https:\/\/econia.net\/ca\/saprova-el-reglament-dassignacio-gratuita-de-drets-demissio-per-al-periode-2021-2030-que-substitueix-a-la-decisio-211-278-ue\/","title":{"rendered":"S\u2019aprova el Reglament d\u2019assignaci\u00f3 gratu\u00efta de drets d\u2019emissi\u00f3 per al per\u00edode 2021-2030, que substitueix a la Decisi\u00f3 211\/278\/UE"},"content":{"rendered":"<p>El 19 de desembre la Comissi\u00f3 Europea va aprovar el nou Reglament d\u2019assignaci\u00f3 gratu\u00efta de drets d\u2019emissi\u00f3, en el qual s\u2019estableixen les bases i els nous requisits de l\u2019assignaci\u00f3 gratu\u00efta per al per\u00edode 2021-2030. Aquest Reglament entrar\u00e0 en vigor el dia seg\u00fcent de la seva publicaci\u00f3 en el Diari Oficial de la UE, que es preveu de forma immediata.<\/p>\n<p>A trets generals, el procediment d\u2019assignaci\u00f3 gratu\u00efta \u00e9s semblant als de la Fase III. D\u2019aquesta manera, haur\u00e0 de ser sol\u00b7licitada i verificada junt amb el nivell de l\u2019activitat, igual que succeeix en la fase 2013-2020.<\/p>\n<p><strong>Novetats del nou Reglament<\/strong><br \/>\nAquest nou Reglament, per\u00f2, tamb\u00e9 comporta alguns canvis significatius. El m\u00e9s destacat d\u2019ells \u00e9s la divisi\u00f3 de l\u2019assignaci\u00f3 gratu\u00efta en dos per\u00edodes: 2021-2025 i 2026-2030. Per tant, el c\u00e0lcul del nivell hist\u00f2ric de l\u2019activitat es realitzar\u00e0 segons la mitjana aritm\u00e8tica dels cinc anys del per\u00edode de refer\u00e8ncia: 2014-2018 per al primer per\u00edode i 2019-2023 per al segon.<\/p>\n<p>Una altra de les novetats d\u2019aquest Reglament d\u2019assignaci\u00f3 gratu\u00efta de drets d\u2019emissi\u00f3, \u00e9s la creaci\u00f3 d\u2019un nou document, anomenat \u201c<em>Monitoring Methodology Plan\u201d<\/em>. Aquest document, el qual cont\u00e9 informaci\u00f3 sobre subinstal\u00b7lacions i fluxos d\u2019energia, tamb\u00e9 haur\u00e0 de ser verificat i aprovat per l\u2019autoritat competent.<\/p>\n<p><strong>Termini de presentaci\u00f3 dels documents<\/strong><br \/>\nSegons el Reglament, les dades de presentaci\u00f3 dels documents per al per\u00edode 2021-2025, poden ser des del 30 d\u2019abril fins al 30 de juny (la decisi\u00f3 dep\u00e8n de cada Estat Membre). Pel que fa a Espanya, es preveu que la data sigui el 31 de maig, per\u00f2 est\u00e0 pendent d\u2019aprovaci\u00f3.<br \/>\nA difer\u00e8ncia de la fase anterior, la documentaci\u00f3 que es presenti no contemplar\u00e0 la quantitat de drets sol\u00b7licitats, ja que els <em>Benchmark<\/em> no es publicaran fins a 2020.<\/p>\n","protected":false},"excerpt":{"rendered":"<p>El 19 de desembre la Comissi\u00f3 Europea va aprovar el nou Reglament d\u2019assignaci\u00f3 gratu\u00efta de drets d\u2019emissi\u00f3, en el qual s\u2019estableixen les bases i els nous requisits de l\u2019assignaci\u00f3 gratu\u00efta per al per\u00edode 2021-2030. Aquest Reglament entrar\u00e0 en vigor el dia seg\u00fcent de la seva publicaci\u00f3 en el Diari Oficial de la UE, que es [&hellip;]<\/p>\n","protected":false},"author":1,"featured_media":53304,"comment_status":"closed","ping_status":"open","sticky":false,"template":"","format":"standard","meta":{"inline_featured_image":false,"_exactmetrics_skip_tracking":false,"_exactmetrics_sitenote_active":false,"_exactmetrics_sitenote_note":"","_exactmetrics_sitenote_category":0,"footnotes":""},"categories":[100],"tags":[],"class_list":["post-53307","post","type-post","status-publish","format-standard","has-post-thumbnail","hentry","category-vehiculo-ca","entry"],"_links":{"self":[{"href":"https:\/\/econia.net\/ca\/wp-json\/wp\/v2\/posts\/53307","targetHints":{"allow":["GET"]}}],"collection":[{"href":"https:\/\/econia.net\/ca\/wp-json\/wp\/v2\/posts"}],"about":[{"href":"https:\/\/econia.net\/ca\/wp-json\/wp\/v2\/types\/post"}],"author":[{"embeddable":true,"href":"https:\/\/econia.net\/ca\/wp-json\/wp\/v2\/users\/1"}],"replies":[{"embeddable":true,"href":"https:\/\/econia.net\/ca\/wp-json\/wp\/v2\/comments?post=53307"}],"version-history":[{"count":1,"href":"https:\/\/econia.net\/ca\/wp-json\/wp\/v2\/posts\/53307\/revisions"}],"predecessor-version":[{"id":55007,"href":"https:\/\/econia.net\/ca\/wp-json\/wp\/v2\/posts\/53307\/revisions\/55007"}],"wp:featuredmedia":[{"embeddable":true,"href":"https:\/\/econia.net\/ca\/wp-json\/wp\/v2\/media\/53304"}],"wp:attachment":[{"href":"https:\/\/econia.net\/ca\/wp-json\/wp\/v2\/media?parent=53307"}],"wp:term":[{"taxonomy":"category","embeddable":true,"href":"https:\/\/econia.net\/ca\/wp-json\/wp\/v2\/categories?post=53307"},{"taxonomy":"post_tag","embeddable":true,"href":"https:\/\/econia.net\/ca\/wp-json\/wp\/v2\/tags?post=53307"}],"curies":[{"name":"wp","href":"https:\/\/api.w.org\/{rel}","templated":true}]}}