{"id":53203,"date":"2018-11-05T12:00:54","date_gmt":"2018-11-05T12:00:54","guid":{"rendered":"https:\/\/econia.net\/ultimos-aspectos-legislativos-de-los-raee-articulo-meritxell-barroso\/"},"modified":"2026-03-14T13:41:06","modified_gmt":"2026-03-14T11:41:06","slug":"ultimos-aspectos-legislativos-de-los-raee-articulo-meritxell-barroso","status":"publish","type":"post","link":"https:\/\/econia.net\/ca\/ultimos-aspectos-legislativos-de-los-raee-articulo-meritxell-barroso\/","title":{"rendered":"\u00daltims aspectes legislatius dels RAEE &#8211; Article de Meritxell Barroso"},"content":{"rendered":"<p><span style=\"font-weight: 400;\">Meritxell Barroso, gerent d\u2019ECONIA, aborda en la revista &#8220;Recupera&#8221; els \u00faltims aspectes legislatius dels residus d&#8217;aparells el\u00e8ctrics i electr\u00f2nics (RAEE) i explica la plataforma electr\u00f2nica que ha posat en marxa el Ministeri de Transici\u00f3 Ecol\u00f2gica (MITECO) per a la gesti\u00f3 d&#8217;aquests.<\/span><\/p>\n<p><span style=\"font-weight: 400;\">Els residus d&#8217;aparells el\u00e8ctrics i electr\u00f2nics (RAEE) s\u00f3n un dels fluxos de residus prioritaris que han de ser regulats per aplicar els principis de prevenci\u00f3, valoritzaci\u00f3 i eliminaci\u00f3 segura.<\/span><\/p>\n<p><span style=\"font-weight: 400;\">Per aquest motiu, el Ministeri per a la Transici\u00f3 Ecol\u00f2gica ha creat la plataforma de gesti\u00f3 de RAEE. L&#8217;objectiu d&#8217;aquesta plataforma \u00e9s recopilar les dades de recollida, transfer\u00e8ncia i tractament de RAEE de totes les comunitats aut\u00f2nomes. D&#8217;aquesta manera, a partir de l&#8217;1 de gener del 2019, tots els gestors de residus que rebin RAEE, han de registrar en la plataforma les entrades i sortides de RAEE amb les dades necess\u00e0ries. <\/span><\/p>\n<p><span style=\"font-weight: 400;\">Com esmenta Meritxell en l&#8217;article: &#8220;S&#8217;estableix com l&#8217;\u00fanic mitj\u00e0 v\u00e0lid i legal per al registre de dades de recollida i gesti\u00f3 de RAEE, que inclou tant les fraccions de recollida com els grups de tractament\u201d.<\/span><\/p>\n<p><span style=\"font-weight: 400;\">Afirma la gerent d\u2019ECONIA qu\u00e8 \u00e9s un instrument de control i seguiment que facilitar\u00e0 les tasques a l&#8217;Administraci\u00f3 competent. A m\u00e9s, tamb\u00e9 servir\u00e0 com a eina per al funcionament de les empreses transportistes i gestores de residus.<\/span><\/p>\n<p><span style=\"font-weight: 400;\">A m\u00e9s, afegeix que perqu\u00e8 l&#8217;esfor\u00e7 es converteixi en una inversi\u00f3 \u00fatil, fa falta resoldre importants reptes. Un d&#8217;ells, el qual implica a tota la societat, \u00e9s el d&#8217;aconseguir que aquests aparells no siguin dipositats en els contenidors convencionals.<\/span><\/p>\n<p><span style=\"font-weight: 400;\">Podeu accedir i llegir tot l&#8217;article al seg\u00fcent <a href=\"https:\/\/econia.net\/wp-content\/uploads\/2018\/10\/Recupera_N106.pdf\">enlla\u00e7.<\/a><\/span><\/p>\n","protected":false},"excerpt":{"rendered":"<p>Meritxell Barroso, gerent d\u2019ECONIA, aborda en la revista &#8220;Recupera&#8221; els \u00faltims aspectes legislatius dels residus d&#8217;aparells el\u00e8ctrics i electr\u00f2nics (RAEE) i explica la plataforma electr\u00f2nica que ha posat en marxa el Ministeri de Transici\u00f3 Ecol\u00f2gica (MITECO) per a la gesti\u00f3 d&#8217;aquests. Els residus d&#8217;aparells el\u00e8ctrics i electr\u00f2nics (RAEE) s\u00f3n un dels fluxos de residus prioritaris [&hellip;]<\/p>\n","protected":false},"author":1,"featured_media":53199,"comment_status":"closed","ping_status":"open","sticky":false,"template":"","format":"standard","meta":{"inline_featured_image":false,"_exactmetrics_skip_tracking":false,"_exactmetrics_sitenote_active":false,"_exactmetrics_sitenote_note":"","_exactmetrics_sitenote_category":0,"footnotes":""},"categories":[96,86],"tags":[],"class_list":["post-53203","post","type-post","status-publish","format-standard","has-post-thumbnail","hentry","category-articles-i-publicacions","category-articulos-y-publicaciones-ca","entry"],"_links":{"self":[{"href":"https:\/\/econia.net\/ca\/wp-json\/wp\/v2\/posts\/53203","targetHints":{"allow":["GET"]}}],"collection":[{"href":"https:\/\/econia.net\/ca\/wp-json\/wp\/v2\/posts"}],"about":[{"href":"https:\/\/econia.net\/ca\/wp-json\/wp\/v2\/types\/post"}],"author":[{"embeddable":true,"href":"https:\/\/econia.net\/ca\/wp-json\/wp\/v2\/users\/1"}],"replies":[{"embeddable":true,"href":"https:\/\/econia.net\/ca\/wp-json\/wp\/v2\/comments?post=53203"}],"version-history":[{"count":1,"href":"https:\/\/econia.net\/ca\/wp-json\/wp\/v2\/posts\/53203\/revisions"}],"predecessor-version":[{"id":55013,"href":"https:\/\/econia.net\/ca\/wp-json\/wp\/v2\/posts\/53203\/revisions\/55013"}],"wp:featuredmedia":[{"embeddable":true,"href":"https:\/\/econia.net\/ca\/wp-json\/wp\/v2\/media\/53199"}],"wp:attachment":[{"href":"https:\/\/econia.net\/ca\/wp-json\/wp\/v2\/media?parent=53203"}],"wp:term":[{"taxonomy":"category","embeddable":true,"href":"https:\/\/econia.net\/ca\/wp-json\/wp\/v2\/categories?post=53203"},{"taxonomy":"post_tag","embeddable":true,"href":"https:\/\/econia.net\/ca\/wp-json\/wp\/v2\/tags?post=53203"}],"curies":[{"name":"wp","href":"https:\/\/api.w.org\/{rel}","templated":true}]}}