{"id":52912,"date":"2018-06-21T09:45:22","date_gmt":"2018-06-21T09:45:22","guid":{"rendered":"https:\/\/econia.net\/la-economia-circular-y-la-lucha-contra-los-ilegales-centraron-el-mayor-congreso-de-desguaces-del-mundo\/"},"modified":"2026-03-14T13:41:25","modified_gmt":"2026-03-14T11:41:25","slug":"la-economia-circular-y-la-lucha-contra-los-ilegales-centraron-el-mayor-congreso-de-desguaces-del-mundo","status":"publish","type":"post","link":"https:\/\/econia.net\/ca\/la-economia-circular-y-la-lucha-contra-los-ilegales-centraron-el-mayor-congreso-de-desguaces-del-mundo\/","title":{"rendered":"L&#8217;economia circular i la lluita contra els &#8220;il\u00b7legals&#8221; van centrar el major congr\u00e9s de desballestaments del m\u00f3n"},"content":{"rendered":"<p><strong>El destacat paper de l&#8217;autom\u00f2bil en l&#8217;economia circular i els reptes de cara a la lluita contra les actuacions il\u00b7legals van centrar els blocs de pon\u00e8ncies.<\/strong><\/p>\n<p>La xarxa de\u00a0<strong>Centres Autoritzats de Tractament de vehicles<\/strong>\u00a0(CAT, com es denomina ara als desballestaments) concertada pels fabricants i importadors de vehicles a Espanya ha passat de 97 punts a 555 en tota Espanya en els \u00faltims 15 anys. Recolzat en aquest creixement,\u00a0SIGRAUTO\u00a0va organitzar els passats 12 i 13 de juny a Madrid la major trobada de desballestaments del m\u00f3n, en el qual van participar m\u00e9s de 300 centres autoritzats. Les jornades, emmarcades en la Fira Internacional de la Recuperaci\u00f3 i el Reciclatge (SRR\u00a02018), van comptar amb pon\u00e8ncies sobre temes d&#8217;inter\u00e8s per al sector i tamb\u00e9 es va dur a terme el lliurament de premis\u00a0SIGRAUTO\u00a0a la innovaci\u00f3 en la recuperaci\u00f3.<\/p>\n<p>El destacat paper de l&#8217;autom\u00f2bil en l&#8217;\u00a0<strong>economia circular\u00a0<\/strong>-amb una taxa de recuperaci\u00f3 dels vehicles al final de la seva vida \u00fatil (VFVU)\u00a0del 95%- i els reptes de cara a la lluita contra les actuacions il\u00b7legals van centrar els blocs de pon\u00e8ncies. Les associacions\u00a0ANFAC i\u00a0ANIACAM\u00a0van destacar en la seva intervenci\u00f3 el fet que Espanya compti amb la xarxa concertada m\u00e9s \u00e0mplia i ben distribu\u00efda de tota la UE, formada, a m\u00e9s de per 555\u00a0CAT, per 26 instal\u00b7lacions de fragmentaci\u00f3. De la mateixa manera, es va incidir sobre el fet que Espanya \u00e9s un dels pa\u00efsos on millor funciona el sistema de tramitaci\u00f3 de baixes, la qual cosa ajuda al fet que tinguem un percentatge molt inferior de vehicles en \u201cparador ignorat\u201d al final de la seva vida \u00fatil, un 5% enfront d&#8217;un 40%. En definitiva, el nostre pa\u00eds \u00e9s clarament una refer\u00e8ncia en aquest camp.<\/p>\n<p>La DGT va informar del Grup de Treball posat en marxa, juntament amb el Ministeri de Medi ambient i Duanes, per establir mesures que garanteixin la correcta exportaci\u00f3 de vehicles usats, peces i components assegurant que estan\u00a0descontaminats i que\u00a0<strong>no han de ser considerats residus.<\/strong> A m\u00e9s, s&#8217;est\u00e0 iniciant l&#8217;anotaci\u00f3 en el Registre General de Vehicles dels vehicles declarats sinistres totals per evitar fraus i s&#8217;est\u00e0 treballant en l&#8217;establiment de controls per identificar instal\u00b7lacions no autoritzades que estiguin presentant baixes temporals.<\/p>\n<p><strong>VENDA DE PECES PER INTERNET<\/strong><\/p>\n<p>El\u00a0SEPRONA\u00a0va exposar les 30 recerques sobre portals de venda de peces en internet que estan duent a terme. En aquest sentit, des de\u00a0FER\u00a0es va recalcar la necessitat que l&#8217;administraci\u00f3 i les forces i cossos de la llei treballin per perseguir aquestes actuacions fora de la llei.\u00a0AEDRA\u00a0per la seva banda, va exposar les principals vies d&#8217;irregularitat, va destacar que\u00a0<strong>tot recanvi usat que no provingui d&#8217;un\u00a0CAT\u00a0\u00e9s il\u00b7legal<\/strong>\u00a0i la necessitat que les autoritats de consum s&#8217;impliquin tamb\u00e9 en aquest assumpte.<\/p>\n<p>Tamb\u00e9 va haver-hi espai per al debat sobre el nou marc de relacions d&#8217;altres agents del sector de l&#8217;autom\u00f2bil amb els\u00a0CAT\u00a0on es va destacar que\u00a0<strong>la reutilitzaci\u00f3 de peces \u00e9s una exig\u00e8ncia legal<\/strong> <strong>i una activitat necess\u00e0ria\u00a0<\/strong>per\u00f2 que aquesta extracci\u00f3 per a la seva comercialitzaci\u00f3 nom\u00e9s pot dur-se a terme en un centre autoritzat.<\/p>\n<p>Els\u00a0<strong>premis\u00a0SIGRAUTO\u00a0a la innovaci\u00f3 en la recuperaci\u00f3\u00a0<\/strong>van correspondre a\u00a0Ferimet, per la seva nova planta de separaci\u00f3 per infrarojos de pl\u00e0stics dels\u00a0VFVU\u00a0i el seu posterior reciclat;\u00a0Autogr\u00faas\u00a0Sant Jordi, per un projecte sobre mineria de pl\u00e0stics en els\u00a0CAT, i Grup\u00a0Lyrsa, pel seu projecte per reciclar el vidre dels\u00a0VFVU mitjan\u00e7ant tecnologies de\u00a0postfragmentaci\u00f3.\u00a0Va clausurar les jornades el\u00a0Viceconseller de Medi ambient de la Comunitat de Madrid.<\/p>\n<p>Font: residuosprofesional.com<\/p>\n","protected":false},"excerpt":{"rendered":"<p>El destacat paper de l&#8217;autom\u00f2bil en l&#8217;economia circular i els reptes de cara a la lluita contra les actuacions il\u00b7legals van centrar els blocs de pon\u00e8ncies. La xarxa de\u00a0Centres Autoritzats de Tractament de vehicles\u00a0(CAT, com es denomina ara als desballestaments) concertada pels fabricants i importadors de vehicles a Espanya ha passat de 97 punts a [&hellip;]<\/p>\n","protected":false},"author":1,"featured_media":52969,"comment_status":"closed","ping_status":"open","sticky":false,"template":"","format":"standard","meta":{"inline_featured_image":false,"_exactmetrics_skip_tracking":false,"_exactmetrics_sitenote_active":false,"_exactmetrics_sitenote_note":"","_exactmetrics_sitenote_category":0,"footnotes":""},"categories":[82],"tags":[],"class_list":["post-52912","post","type-post","status-publish","format-standard","has-post-thumbnail","hentry","category-economia-circular-ca","entry"],"_links":{"self":[{"href":"https:\/\/econia.net\/ca\/wp-json\/wp\/v2\/posts\/52912","targetHints":{"allow":["GET"]}}],"collection":[{"href":"https:\/\/econia.net\/ca\/wp-json\/wp\/v2\/posts"}],"about":[{"href":"https:\/\/econia.net\/ca\/wp-json\/wp\/v2\/types\/post"}],"author":[{"embeddable":true,"href":"https:\/\/econia.net\/ca\/wp-json\/wp\/v2\/users\/1"}],"replies":[{"embeddable":true,"href":"https:\/\/econia.net\/ca\/wp-json\/wp\/v2\/comments?post=52912"}],"version-history":[{"count":1,"href":"https:\/\/econia.net\/ca\/wp-json\/wp\/v2\/posts\/52912\/revisions"}],"predecessor-version":[{"id":55021,"href":"https:\/\/econia.net\/ca\/wp-json\/wp\/v2\/posts\/52912\/revisions\/55021"}],"wp:featuredmedia":[{"embeddable":true,"href":"https:\/\/econia.net\/ca\/wp-json\/wp\/v2\/media\/52969"}],"wp:attachment":[{"href":"https:\/\/econia.net\/ca\/wp-json\/wp\/v2\/media?parent=52912"}],"wp:term":[{"taxonomy":"category","embeddable":true,"href":"https:\/\/econia.net\/ca\/wp-json\/wp\/v2\/categories?post=52912"},{"taxonomy":"post_tag","embeddable":true,"href":"https:\/\/econia.net\/ca\/wp-json\/wp\/v2\/tags?post=52912"}],"curies":[{"name":"wp","href":"https:\/\/api.w.org\/{rel}","templated":true}]}}