{"id":52714,"date":"2015-10-30T00:00:00","date_gmt":"2015-10-30T00:00:00","guid":{"rendered":"https:\/\/econia.net\/festa-de-loli-a-la-cooperativa-de-cambrils-visita-projecte-life-coop2020\/"},"modified":"2026-03-14T13:42:39","modified_gmt":"2026-03-14T11:42:39","slug":"festa-de-loli-a-la-cooperativa-de-cambrils-visita-projecte-life-coop2020","status":"publish","type":"post","link":"https:\/\/econia.net\/ca\/festa-de-loli-a-la-cooperativa-de-cambrils-visita-projecte-life-coop2020\/","title":{"rendered":"Festa de l&#8217;oli a la cooperativa de Cambrils. Visita projecte LIFE COOP2020"},"content":{"rendered":"<p>Visita projecte LIFE COOP2020.<\/p>\n<p>\u00a0<\/p>\n<p>Les instal\u00b7lacions de la Cooperativa Agr\u00edcola de Cambrils van acollir, el passat diumenge 25 d\u2019octubre, la Festa de l&#8217;Oli Nou, emmarcada en les Jornades Gastron\u00f2miques amb Oli Nou d&#8217;oliva verge extra. En un espl\u00e8ndid dia, amb una molta bona temperatura, el p\u00fablic assistent va ser fidel a la cita de cada any i es va aplegar a l&#8217;esplanada de la Cooperativa per assaborir el tradicional esmorzar a base de pa torrat llonganissa, fruita i l\u2019oli nou verge extra Mestral de la nova collita 2015. En la mateixa jornada, es va muntar una taula informativa del projecte LIFE-COOP2020; de manera que tots els assistents van poder sol.licitar informaci\u00f3 sobre els objectius del projecte i l\u2019estat actual del mateix. Tamb\u00e9 es van entregar fulletons informatius del projecte.<\/p>\n<p>\u00a0<\/p>\n<p>Segons les dades recollides pel gerent de la Cooperativa Agr\u00edcola \u2013Fernando Sarasa\u2013 hi van assistir 1.700 persones, i tal com ha indicat, &#8220;va ser un \u00e8xit rotund, va venir molta gent i estem molt contents de com va anar. A m\u00e9s, vam ser la primera festa de l&#8217;oli que se celebrava enguany a les comarques tarragonines i, potser tamb\u00e9 de Catalunya&#8221;.<\/p>\n<p>\u00a0<\/p>\n<p>A m\u00e9s a m\u00e9s, durant la matinal es va comptar amb les actuacions dels gegants cambrilencs, el Ball de Bastons de Cambrils i els Amics de la Sardana, que van animar l&#8217;activitat gastron\u00f2mica; i durant tot el mat\u00ed i fins al migdia, els assistents van poder adquirir els productes de l&#8217;Agrobotiga, amb descomptes si pr\u00e8viament s&#8217;havia comprat un tiquet per a l&#8217;esmorzar.[:es]Les instal\u00b7lacions de la Cooperativa Agr\u00edcola de Cambrils van acollir, el passat diumenge 25 d\u2019octubre, la Festa de l&#8217;Oli Nou, emmarcada en les Jornades Gastron\u00f2miques amb Oli Nou d&#8217;oliva verge extra. En un espl\u00e8ndid dia, amb una molta bona temperatura, el p\u00fablic assistent va ser fidel a la cita de cada any i es va aplegar a l&#8217;esplanada de la Cooperativa per assaborir el tradicional esmorzar a base de pa torrat llonganissa, fruita i l\u2019oli nou verge extra Mestral de la nova collita 2015. En la mateixa jornada, es va muntar una taula informativa del projecte LIFE-COOP2020; de manera que tots els assistents van poder sol.licitar informaci\u00f3 sobre els objectius del projecte i l\u2019estat actual del mateix. Tamb\u00e9 es van entregar fulletons informatius del projecte.<\/p>\n<p>\u00a0<\/p>\n<p>Segons les dades recollides pel gerent de la Cooperativa Agr\u00edcola \u2013Fernando Sarasa\u2013 hi van assistir 1.700 persones, i tal com ha indicat, &#8220;va ser un \u00e8xit rotund, va venir molta gent i estem molt contents de com va anar. A m\u00e9s, vam ser la primera festa de l&#8217;oli que se celebrava enguany a les comarques tarragonines i, potser tamb\u00e9 de Catalunya&#8221;.<\/p>\n<p>\u00a0<\/p>\n<p>A m\u00e9s a m\u00e9s, durant la matinal es va comptar amb les actuacions dels gegants cambrilencs, el Ball de Bastons de Cambrils i els Amics de la Sardana, que van animar l&#8217;activitat gastron\u00f2mica; i durant tot el mat\u00ed i fins al migdia, els assistents van poder adquirir els productes de l&#8217;Agrobotiga, amb descomptes si pr\u00e8viament s&#8217;havia comprat un tiquet per a l&#8217;esmorzar.<\/p>\n","protected":false},"excerpt":{"rendered":"<p>Visita projecte LIFE COOP2020. \u00a0 Les instal\u00b7lacions de la Cooperativa Agr\u00edcola de Cambrils van acollir, el passat diumenge 25 d\u2019octubre, la Festa de l&#8217;Oli Nou, emmarcada en les Jornades Gastron\u00f2miques amb Oli Nou d&#8217;oliva verge extra. En un espl\u00e8ndid dia, amb una molta bona temperatura, el p\u00fablic assistent va ser fidel a la cita de [&hellip;]<\/p>\n","protected":false},"author":1,"featured_media":52530,"comment_status":"closed","ping_status":"closed","sticky":false,"template":"","format":"standard","meta":{"inline_featured_image":false,"_exactmetrics_skip_tracking":false,"_exactmetrics_sitenote_active":false,"_exactmetrics_sitenote_note":"","_exactmetrics_sitenote_category":0,"footnotes":""},"categories":[71],"tags":[],"class_list":["post-52714","post","type-post","status-publish","format-standard","has-post-thumbnail","hentry","category-sin-categoriasin-categoria","entry"],"_links":{"self":[{"href":"https:\/\/econia.net\/ca\/wp-json\/wp\/v2\/posts\/52714","targetHints":{"allow":["GET"]}}],"collection":[{"href":"https:\/\/econia.net\/ca\/wp-json\/wp\/v2\/posts"}],"about":[{"href":"https:\/\/econia.net\/ca\/wp-json\/wp\/v2\/types\/post"}],"author":[{"embeddable":true,"href":"https:\/\/econia.net\/ca\/wp-json\/wp\/v2\/users\/1"}],"replies":[{"embeddable":true,"href":"https:\/\/econia.net\/ca\/wp-json\/wp\/v2\/comments?post=52714"}],"version-history":[{"count":1,"href":"https:\/\/econia.net\/ca\/wp-json\/wp\/v2\/posts\/52714\/revisions"}],"predecessor-version":[{"id":55039,"href":"https:\/\/econia.net\/ca\/wp-json\/wp\/v2\/posts\/52714\/revisions\/55039"}],"wp:featuredmedia":[{"embeddable":true,"href":"https:\/\/econia.net\/ca\/wp-json\/wp\/v2\/media\/52530"}],"wp:attachment":[{"href":"https:\/\/econia.net\/ca\/wp-json\/wp\/v2\/media?parent=52714"}],"wp:term":[{"taxonomy":"category","embeddable":true,"href":"https:\/\/econia.net\/ca\/wp-json\/wp\/v2\/categories?post=52714"},{"taxonomy":"post_tag","embeddable":true,"href":"https:\/\/econia.net\/ca\/wp-json\/wp\/v2\/tags?post=52714"}],"curies":[{"name":"wp","href":"https:\/\/api.w.org\/{rel}","templated":true}]}}